{"id":12619,"date":"2020-08-07T19:00:00","date_gmt":"2020-08-07T17:00:00","guid":{"rendered":"https:\/\/santpedor.net\/radio\/?p=12619"},"modified":"2020-08-07T12:52:14","modified_gmt":"2020-08-07T10:52:14","slug":"lestiu-jove-conclou-amb-bones-sensacions-tot-i-la-situacio-de-pandemia","status":"publish","type":"post","link":"https:\/\/santpedor.net\/radio\/lestiu-jove-conclou-amb-bones-sensacions-tot-i-la-situacio-de-pandemia\/","title":{"rendered":"L&#8217;Estiu Jove conclou amb bones sensacions tot i la situaci\u00f3 de pand\u00e8mia"},"content":{"rendered":"\n<p>L\u2019Estiu Jove ha posat punt final aquest any amb menys participaci\u00f3 per\u00f2 adaptant-se a la nova situaci\u00f3 en relaci\u00f3 amb les mesures de seguretat arran de la COVID-19. Enguany, les activitats han sigut diferents i una de les raons que, segons l\u2019organitzaci\u00f3, ha fet baixat el nombre de joves ha sigut el fet que el Casal estigu\u00e9s obert nom\u00e9s per a fer les activitats. L\u2019Estiu Jove ha fet una trentena d\u2019activitats, i han tingut un \u00e8xit especial els jocs de taula i la sortida en bici fins a Joncadella i Castellnou. Algunes activitats han hagut d\u2019anul\u00b7lar-se a causa de falta de participants. <\/p>\n\n\n\n<p>Escolta l&#8217;entrevista a Marta Sopena, dinamitzadora del Lokal de la Vila, i a la Lena i el Kevin, de Joves Units del Casal. <\/p>\n\n\n\n<figure class=\"wp-block-audio\"><audio controls src=\"https:\/\/santpedor.net\/radio\/wp-content\/uploads\/2020\/08\/06-ENT-ESTIU-JOVE.mp3\"><\/audio><figcaption><em><span class=\"has-inline-color has-vivid-cyan-blue-color\">Marta Sopena, Lena i Kevin<\/span><\/em><\/figcaption><\/figure>\n\n\n\n<p><\/p>\n","protected":false},"excerpt":{"rendered":"<p>L\u2019Estiu Jove ha posat punt final aquest any amb menys participaci\u00f3 per\u00f2 adaptant-se a la nova situaci\u00f3 en relaci\u00f3 amb les mesures de seguretat arran de la COVID-19. Enguany, les activitats han sigut diferents i una de les raons que, segons l\u2019organitzaci\u00f3, ha fet baixat el nombre de joves ha sigut el fet que el [&hellip;]<\/p>\n","protected":false},"author":1,"featured_media":12621,"comment_status":"open","ping_status":"closed","sticky":false,"template":"","format":"standard","meta":{"footnotes":""},"categories":[236,3],"tags":[],"class_list":{"0":"post-12619","1":"post","2":"type-post","3":"status-publish","4":"format-standard","5":"has-post-thumbnail","7":"category-entitats-i-cultura","8":"category-noticies"},"_links":{"self":[{"href":"https:\/\/santpedor.net\/radio\/wp-json\/wp\/v2\/posts\/12619","targetHints":{"allow":["GET"]}}],"collection":[{"href":"https:\/\/santpedor.net\/radio\/wp-json\/wp\/v2\/posts"}],"about":[{"href":"https:\/\/santpedor.net\/radio\/wp-json\/wp\/v2\/types\/post"}],"author":[{"embeddable":true,"href":"https:\/\/santpedor.net\/radio\/wp-json\/wp\/v2\/users\/1"}],"replies":[{"embeddable":true,"href":"https:\/\/santpedor.net\/radio\/wp-json\/wp\/v2\/comments?post=12619"}],"version-history":[{"count":0,"href":"https:\/\/santpedor.net\/radio\/wp-json\/wp\/v2\/posts\/12619\/revisions"}],"wp:featuredmedia":[{"embeddable":true,"href":"https:\/\/santpedor.net\/radio\/wp-json\/wp\/v2\/media\/12621"}],"wp:attachment":[{"href":"https:\/\/santpedor.net\/radio\/wp-json\/wp\/v2\/media?parent=12619"}],"wp:term":[{"taxonomy":"category","embeddable":true,"href":"https:\/\/santpedor.net\/radio\/wp-json\/wp\/v2\/categories?post=12619"},{"taxonomy":"post_tag","embeddable":true,"href":"https:\/\/santpedor.net\/radio\/wp-json\/wp\/v2\/tags?post=12619"}],"curies":[{"name":"wp","href":"https:\/\/api.w.org\/{rel}","templated":true}]}}