{"id":12622,"date":"2020-08-07T14:00:00","date_gmt":"2020-08-07T12:00:00","guid":{"rendered":"https:\/\/santpedor.net\/radio\/?p=12622"},"modified":"2020-08-07T12:56:40","modified_gmt":"2020-08-07T10:56:40","slug":"santpedor-es-mante-en-risc-baix-de-pandemia","status":"publish","type":"post","link":"https:\/\/santpedor.net\/radio\/santpedor-es-mante-en-risc-baix-de-pandemia\/","title":{"rendered":"Santpedor es mant\u00e9 en risc baix de pand\u00e8mia"},"content":{"rendered":"\n<p>El risc de rebrot a la Catalunya Central es mant\u00e9 moderat per\u00f2 puja una mica respecte al darrer balan\u00e7, per sobre del 62%. La taxa de reproducci\u00f3 del virus continua pujant i ara per ara \u00e9s d\u20191,41. Pel que fa a Santpedor, es mant\u00e9 en un risc baix, amb un 37,82, amb dos casos detectats en l\u2019\u00faltima setmana i 4 en els \u00faltims 14 dies. La taxa de reproducci\u00f3 es troba en 0,71. Recordem que quan s\u2019arriba&nbsp; a 1, significa que la pand\u00e8mia creix. El municipi t\u00e9 un centenar de casos acumulats en total des de l\u2019inici de la pand\u00e8mia. Pel que fa a Catalunya, el risc de rebrot continua creixent, amb m\u00e9s de mil casos nous avui. La xifra de defuncions s\u00f3n 10, un menys que ahir i la de &nbsp;contagis s\u2019eleva a m\u00e9s de 100 mil.<\/p>\n","protected":false},"excerpt":{"rendered":"<p>El risc de rebrot a la Catalunya Central es mant\u00e9 moderat per\u00f2 puja una mica respecte al darrer balan\u00e7, per sobre del 62%. La taxa de reproducci\u00f3 del virus continua pujant i ara per ara \u00e9s d\u20191,41. Pel que fa a Santpedor, es mant\u00e9 en un risc baix, amb un 37,82, amb dos casos detectats [&hellip;]<\/p>\n","protected":false},"author":1,"featured_media":12623,"comment_status":"open","ping_status":"closed","sticky":false,"template":"","format":"standard","meta":{"footnotes":""},"categories":[3],"tags":[],"class_list":{"0":"post-12622","1":"post","2":"type-post","3":"status-publish","4":"format-standard","5":"has-post-thumbnail","7":"category-noticies"},"_links":{"self":[{"href":"https:\/\/santpedor.net\/radio\/wp-json\/wp\/v2\/posts\/12622","targetHints":{"allow":["GET"]}}],"collection":[{"href":"https:\/\/santpedor.net\/radio\/wp-json\/wp\/v2\/posts"}],"about":[{"href":"https:\/\/santpedor.net\/radio\/wp-json\/wp\/v2\/types\/post"}],"author":[{"embeddable":true,"href":"https:\/\/santpedor.net\/radio\/wp-json\/wp\/v2\/users\/1"}],"replies":[{"embeddable":true,"href":"https:\/\/santpedor.net\/radio\/wp-json\/wp\/v2\/comments?post=12622"}],"version-history":[{"count":0,"href":"https:\/\/santpedor.net\/radio\/wp-json\/wp\/v2\/posts\/12622\/revisions"}],"wp:featuredmedia":[{"embeddable":true,"href":"https:\/\/santpedor.net\/radio\/wp-json\/wp\/v2\/media\/12623"}],"wp:attachment":[{"href":"https:\/\/santpedor.net\/radio\/wp-json\/wp\/v2\/media?parent=12622"}],"wp:term":[{"taxonomy":"category","embeddable":true,"href":"https:\/\/santpedor.net\/radio\/wp-json\/wp\/v2\/categories?post=12622"},{"taxonomy":"post_tag","embeddable":true,"href":"https:\/\/santpedor.net\/radio\/wp-json\/wp\/v2\/tags?post=12622"}],"curies":[{"name":"wp","href":"https:\/\/api.w.org\/{rel}","templated":true}]}}