{"id":12624,"date":"2020-08-08T19:04:00","date_gmt":"2020-08-08T17:04:00","guid":{"rendered":"https:\/\/santpedor.net\/radio\/?p=12624"},"modified":"2020-08-08T14:15:42","modified_gmt":"2020-08-08T12:15:42","slug":"toni-puiggros-regidor-de-turisme-intentarem-obrir-el-nou-punt-dinformacio-turistica-de-cal-clarasso-abans-que-sacabi-lany","status":"publish","type":"post","link":"https:\/\/santpedor.net\/radio\/toni-puiggros-regidor-de-turisme-intentarem-obrir-el-nou-punt-dinformacio-turistica-de-cal-clarasso-abans-que-sacabi-lany\/","title":{"rendered":"Toni Puiggr\u00f2s, regidor de Turisme: &#8220;Intentarem obrir el nou punt d&#8217;informaci\u00f3 tur\u00edstica de Cal Clarass\u00f3 abans que s&#8217;acabi l&#8217;any&#8221;"},"content":{"rendered":"\n<p>El nou punt d&#8217;informaci\u00f3 tur\u00edstica ubicat a l&#8217;antiga capella de Cal Clarass\u00f3 s&#8217;obrir\u00e0, previsiblement, abans que acabi l&#8217;any. Aix\u00ed ho ha anunciat el regidor de Turisme i Noves Tecnologies, i alcalde accidental durant la setmana vinent, Toni Puiggr\u00f2s. &#8220;Estem mirant com l&#8217;obrim&#8221;, ha dit el regidor. Puiggr\u00f2s ha destacat que &#8220;Santpedor t\u00e9 potencial tur\u00edstic, per\u00f2 no t\u00e9 les infraestructures&#8221; necess\u00e0ries, i \u00e9s per aix\u00f2 que &#8220;s&#8217;ha d&#8217;exposar tot plegat&nbsp;a escala local&#8221;.<\/p>\n\n\n\n<p>El regidor ha volgut recomanar per aquest estiu visitar els Tolls de Santpedor i els Aiguamolls, perqu\u00e8 &#8220;\u00e9s un poble que s&#8217;ha de viure al punt&#8221;, ja que&nbsp;&#8220;en cosa d&#8217;un mes pot canviar molt el paisatge&#8221;. Pel que fa als gronxadors naturals, Puiggr\u00f2s ha dit que &#8220;a l&#8217;Ajuntament tenim ganes de fer aquesta ruta&#8221;, tot i que xoca amb permisos i propietaris, ja que s&#8217;ha de promocionar des del consistori, &#8220;per\u00f2 ha de ser una cosa controlada&#8221;. &#8220;Se li vol donar molta seguretat a uns gronxadors, per\u00f2 hi ha entorns on tampoc hi ha gaire&#8221;, ha dit el regidor. De fet, des del consistori es volen introduir aquests punts a l&#8217;aplicaci\u00f3 de rutes autoguiades Natura Local, tot i que &#8220;s&#8217;ha de veure com acabar de lligar-ho tot&#8221;.<\/p>\n\n\n\n<p>Puiggr\u00f2s ha aprofitat per valorar l&#8217;acord amb el seu soci de govern, que tot i que &#8220;sempre pot&nbsp;haver-hi&nbsp;petites friccions, el grup municipal est\u00e0 molt content de la benvinguda per part d&#8217;ERC&#8221;. &#8220;Volem un Santpedor que funcioni, tots busquem el mateix&#8221;, ha destacat Puiggr\u00f2s. Un dels moments bons que el regidor de Junts ha reviscut \u00e9s &#8220;el fet de poder entrar a l&#8217;Ajuntament amb aquest punt de decisi\u00f3&#8221;. Com a mals moments, &#8220;la COVID-19 ens ha fet ballar molt el barret perqu\u00e8 \u00e9s una situaci\u00f3 que no hav\u00edem viscut mai&#8221;, de vegades &#8220;molt cansat, per\u00f2 ho hem acabat encarrilant&#8221;. Puiggr\u00f2s ha valorat positivament la gesti\u00f3 de la pand\u00e8mia, ja que&#8221;el nivell de virus \u00e9s molt baix, i la responsabilitat de la gent tamb\u00e9 ajuda, i \u00e9s una part molt important&#8221;.<\/p>\n\n\n\n<p>Un dels moments m\u00e9s tensos de la legislatura va ser la consulta de les vaquetes. El regidor ha recordat que &#8220;era una manera de donar veu al poble, una forma molt v\u00e0lida perqu\u00e8 la gent s&#8217;express\u00e9s&#8221;. &#8220;El que em sap m\u00e9s greu \u00e9s que gent que eren amics i coneguts hagin deixat de saludar per donar la veu al poble&#8221;, ha lamentat Puiggr\u00f2s. En l&#8217;\u00e0rea tecnol\u00f2gica, hi ha un projecte que el regidor ha volgut posar sobre la taula. Es tracta d&#8217;una aplicaci\u00f3 de servei per a la vila on es pugui consultar des de l&#8217;horari d&#8217;autob\u00fas&nbsp;fins a&nbsp;les ofertes dels comer\u00e7os. Es vol que sigui &#8220;una eina per al ciutad\u00e0, m\u00e9s enll\u00e0 de ser un aparador del poble&#8221;.<\/p>\n\n\n\n<p><em>Pots escoltar l&#8217;entrevista sencera aqu\u00ed: <\/em><\/p>\n\n\n\n<figure class=\"wp-block-audio\"><audio controls src=\"https:\/\/santpedor.net\/radio\/wp-content\/uploads\/2020\/08\/Entrevista-Toni-Puiggro\u0300s.mp3\"><\/audio><figcaption><em><span class=\"has-inline-color has-vivid-cyan-blue-color\">Entrevista a Toni Puiggr\u00f2s, regidor de Turisme i Noves Tecnologies<\/span><\/em><\/figcaption><\/figure>\n\n\n\n<p><\/p>\n","protected":false},"excerpt":{"rendered":"<p>El nou punt d&#8217;informaci\u00f3 tur\u00edstica ubicat a l&#8217;antiga capella de Cal Clarass\u00f3 s&#8217;obrir\u00e0, previsiblement, abans que acabi l&#8217;any. Aix\u00ed ho ha anunciat el regidor de Turisme i Noves Tecnologies, i alcalde accidental durant la setmana vinent, Toni Puiggr\u00f2s. &#8220;Estem mirant com l&#8217;obrim&#8221;, ha dit el regidor. Puiggr\u00f2s ha destacat que &#8220;Santpedor t\u00e9 potencial tur\u00edstic, per\u00f2 [&hellip;]<\/p>\n","protected":false},"author":1,"featured_media":12626,"comment_status":"open","ping_status":"closed","sticky":false,"template":"","format":"standard","meta":{"footnotes":""},"categories":[3,136],"tags":[],"class_list":{"0":"post-12624","1":"post","2":"type-post","3":"status-publish","4":"format-standard","5":"has-post-thumbnail","7":"category-noticies","8":"category-politica-i-economia"},"_links":{"self":[{"href":"https:\/\/santpedor.net\/radio\/wp-json\/wp\/v2\/posts\/12624","targetHints":{"allow":["GET"]}}],"collection":[{"href":"https:\/\/santpedor.net\/radio\/wp-json\/wp\/v2\/posts"}],"about":[{"href":"https:\/\/santpedor.net\/radio\/wp-json\/wp\/v2\/types\/post"}],"author":[{"embeddable":true,"href":"https:\/\/santpedor.net\/radio\/wp-json\/wp\/v2\/users\/1"}],"replies":[{"embeddable":true,"href":"https:\/\/santpedor.net\/radio\/wp-json\/wp\/v2\/comments?post=12624"}],"version-history":[{"count":0,"href":"https:\/\/santpedor.net\/radio\/wp-json\/wp\/v2\/posts\/12624\/revisions"}],"wp:featuredmedia":[{"embeddable":true,"href":"https:\/\/santpedor.net\/radio\/wp-json\/wp\/v2\/media\/12626"}],"wp:attachment":[{"href":"https:\/\/santpedor.net\/radio\/wp-json\/wp\/v2\/media?parent=12624"}],"wp:term":[{"taxonomy":"category","embeddable":true,"href":"https:\/\/santpedor.net\/radio\/wp-json\/wp\/v2\/categories?post=12624"},{"taxonomy":"post_tag","embeddable":true,"href":"https:\/\/santpedor.net\/radio\/wp-json\/wp\/v2\/tags?post=12624"}],"curies":[{"name":"wp","href":"https:\/\/api.w.org\/{rel}","templated":true}]}}