{"id":12633,"date":"2020-08-14T14:30:31","date_gmt":"2020-08-14T12:30:31","guid":{"rendered":"https:\/\/santpedor.net\/radio\/?p=12633"},"modified":"2020-08-14T11:55:45","modified_gmt":"2020-08-14T09:55:45","slug":"puja-el-risc-de-contagi-a-santpedor","status":"publish","type":"post","link":"https:\/\/santpedor.net\/radio\/puja-el-risc-de-contagi-a-santpedor\/","title":{"rendered":"Puja el risc de contagi a Santpedor"},"content":{"rendered":"\n<p>Puja el risc de contagi a Santpedor i se situa en un risc molt alt, amb 245 punts. Els casos diagnosticats per PCR en els \u00faltims 7 dies arriben a 6, amb un acumulat de 8 des de fa dues setmanes. La taxa de reproducci\u00f3 de l\u2019epid\u00e8mia arriba al 2,31. Recordem que quan supera l\u20191, \u00e9s que l\u2019epid\u00e8mia creix. Pel que fa a la Catalunya Central, el risc se situa ara per ara en un llindar baix, amb un 58. La taxa de reproducci\u00f3 del virus ha baixat respecte a la setmana passada en gaireb\u00e9 40 punts, fins a situar-se a l\u20191. Cal recordar que l\u2019\u00fas de mascareta, la dist\u00e0ncia social i rentar-se les mans s\u00f3n les mesures m\u00e9s eficaces contra la COVID-19.<\/p>\n","protected":false},"excerpt":{"rendered":"<p>Puja el risc de contagi a Santpedor i se situa en un risc molt alt, amb 245 punts. Els casos diagnosticats per PCR en els \u00faltims 7 dies arriben a 6, amb un acumulat de 8 des de fa dues setmanes. La taxa de reproducci\u00f3 de l\u2019epid\u00e8mia arriba al 2,31. Recordem que quan supera l\u20191, [&hellip;]<\/p>\n","protected":false},"author":1,"featured_media":12623,"comment_status":"open","ping_status":"closed","sticky":false,"template":"","format":"standard","meta":{"footnotes":""},"categories":[3,137],"tags":[],"class_list":{"0":"post-12633","1":"post","2":"type-post","3":"status-publish","4":"format-standard","5":"has-post-thumbnail","7":"category-noticies","8":"category-societat"},"_links":{"self":[{"href":"https:\/\/santpedor.net\/radio\/wp-json\/wp\/v2\/posts\/12633","targetHints":{"allow":["GET"]}}],"collection":[{"href":"https:\/\/santpedor.net\/radio\/wp-json\/wp\/v2\/posts"}],"about":[{"href":"https:\/\/santpedor.net\/radio\/wp-json\/wp\/v2\/types\/post"}],"author":[{"embeddable":true,"href":"https:\/\/santpedor.net\/radio\/wp-json\/wp\/v2\/users\/1"}],"replies":[{"embeddable":true,"href":"https:\/\/santpedor.net\/radio\/wp-json\/wp\/v2\/comments?post=12633"}],"version-history":[{"count":0,"href":"https:\/\/santpedor.net\/radio\/wp-json\/wp\/v2\/posts\/12633\/revisions"}],"wp:featuredmedia":[{"embeddable":true,"href":"https:\/\/santpedor.net\/radio\/wp-json\/wp\/v2\/media\/12623"}],"wp:attachment":[{"href":"https:\/\/santpedor.net\/radio\/wp-json\/wp\/v2\/media?parent=12633"}],"wp:term":[{"taxonomy":"category","embeddable":true,"href":"https:\/\/santpedor.net\/radio\/wp-json\/wp\/v2\/categories?post=12633"},{"taxonomy":"post_tag","embeddable":true,"href":"https:\/\/santpedor.net\/radio\/wp-json\/wp\/v2\/tags?post=12633"}],"curies":[{"name":"wp","href":"https:\/\/api.w.org\/{rel}","templated":true}]}}