{"id":12634,"date":"2020-08-14T16:30:54","date_gmt":"2020-08-14T14:30:54","guid":{"rendered":"https:\/\/santpedor.net\/radio\/?p=12634"},"modified":"2020-08-14T12:05:05","modified_gmt":"2020-08-14T10:05:05","slug":"el-bages-sota-control-a-lestiu-per-risc-dincendis","status":"publish","type":"post","link":"https:\/\/santpedor.net\/radio\/el-bages-sota-control-a-lestiu-per-risc-dincendis\/","title":{"rendered":"El Bages, sota control a l&#8217;estiu per risc d&#8217;incendis"},"content":{"rendered":"\n<p>El Bages es troba, ara per ara, en situaci\u00f3 de perill moderat-alt pel que fa a incendis. Tot plegat s\u2019emmarca dins el Pla Alfa, que \u00e9s el procediment operatiu que t\u00e9 establert el Cos d\u2019Agents Rurals per definir les actuacions dels efectius de vigil\u00e0ncia i prevenci\u00f3 d\u2019incendis. La comarca es troba en un nivell 2 del pla Alfa, el que significa que existeix vigil\u00e0ncia exclusiva dels incendis forestals, amb control de columnes de fum, control de llocs d\u2019especial risc, control de circulaci\u00f3 de vehicles i posada en servei de punts de guaita estrat\u00e8gics, entre d\u2019altres. El Bages t\u00e9 una gran extensi\u00f3 de boscos, especialment de pi blanc, un dels tipus amb m\u00e9s potencial de combusti\u00f3. Aix\u00f2 \u00e9s el que fa perillar la zona. Concretament, a la zona de Santpedor el que m\u00e9s es vigila \u00e9s la zona de camp. Ho explica un dels membres dels ADF de la zona, Jordi Falip.<\/p>\n\n\n\n<figure class=\"wp-block-audio\"><audio controls src=\"https:\/\/santpedor.net\/radio\/wp-content\/uploads\/2020\/08\/01-TALL-ADF-Sanpe-riscos.mp3\"><\/audio><figcaption><em><span class=\"has-inline-color has-pale-cyan-blue-color\">Jordi Falip, ADF<\/span><\/em><\/figcaption><\/figure>\n\n\n\n<p>La majoria d\u2019incendis comencen per l\u2019activitat humana, sigui per maquin\u00e0ria o per focs de l\u00ednies el\u00e8ctriques.<\/p>\n\n\n\n<figure class=\"wp-block-audio\"><audio controls src=\"https:\/\/santpedor.net\/radio\/wp-content\/uploads\/2020\/08\/02-TALL-ADF-activitat-humana.mp3\"><\/audio><figcaption><em><span class=\"has-inline-color has-pale-cyan-blue-color\">Jordi Falip, ADF<\/span><\/em><\/figcaption><\/figure>\n\n\n\n<p>Aquest any, per\u00f2, s\u2019albira un estiu tranquil a causa de les pluges de la primavera.<\/p>\n\n\n\n<figure class=\"wp-block-audio\"><audio controls src=\"https:\/\/santpedor.net\/radio\/wp-content\/uploads\/2020\/08\/03-TALL-ADF-estiu-tranquil.mp3\"><\/audio><figcaption><em><span class=\"has-inline-color has-pale-cyan-blue-color\">Jordi Falip, ADF<\/span><\/em><\/figcaption><\/figure>\n\n\n\n<p>Des de fa dos anys s\u2019est\u00e0 elaborant un protocol per als ADF per tal de millorar la coordinaci\u00f3 davant un gran incendi a Catalunya. Des dels ADF ho valoren positivament, per\u00f2 encara hi ha moltes mancances en quant a material, una reivindicaci\u00f3 que porten anys reclamant.<\/p>\n\n\n\n<figure class=\"wp-block-audio\"><audio controls src=\"https:\/\/santpedor.net\/radio\/wp-content\/uploads\/2020\/08\/04-TALL-ADF-demandes.mp3\"><\/audio><figcaption><em><span class=\"has-inline-color has-pale-cyan-blue-color\">Jordi Falip, ADF<\/span><\/em><\/figcaption><\/figure>\n\n\n\n<p>Com cada any, des del cos de Bombers i ADF s\u2019insisteix en la responsabilitat c\u00edvica davant els boscos.<\/p>\n\n\n\n<figure class=\"wp-block-audio\"><audio controls src=\"https:\/\/santpedor.net\/radio\/wp-content\/uploads\/2020\/08\/05-TALL-ADF-advertencies.mp3\"><\/audio><figcaption><em><span class=\"has-inline-color has-pale-cyan-blue-color\">Jordi Falip, ADF<\/span><\/em><\/figcaption><\/figure>\n\n\n\n<p>Tot plegat una s\u00e8rie de mesures per tal d\u2019evitar incendis que encara es recorden a la zona, com el del 1994.<\/p>\n","protected":false},"excerpt":{"rendered":"<p>El Bages es troba, ara per ara, en situaci\u00f3 de perill moderat-alt pel que fa a incendis. Tot plegat s\u2019emmarca dins el Pla Alfa, que \u00e9s el procediment operatiu que t\u00e9 establert el Cos d\u2019Agents Rurals per definir les actuacions dels efectius de vigil\u00e0ncia i prevenci\u00f3 d\u2019incendis. La comarca es troba en un nivell 2 [&hellip;]<\/p>\n","protected":false},"author":1,"featured_media":12640,"comment_status":"open","ping_status":"closed","sticky":false,"template":"","format":"standard","meta":{"footnotes":""},"categories":[3,137],"tags":[],"class_list":{"0":"post-12634","1":"post","2":"type-post","3":"status-publish","4":"format-standard","5":"has-post-thumbnail","7":"category-noticies","8":"category-societat"},"_links":{"self":[{"href":"https:\/\/santpedor.net\/radio\/wp-json\/wp\/v2\/posts\/12634","targetHints":{"allow":["GET"]}}],"collection":[{"href":"https:\/\/santpedor.net\/radio\/wp-json\/wp\/v2\/posts"}],"about":[{"href":"https:\/\/santpedor.net\/radio\/wp-json\/wp\/v2\/types\/post"}],"author":[{"embeddable":true,"href":"https:\/\/santpedor.net\/radio\/wp-json\/wp\/v2\/users\/1"}],"replies":[{"embeddable":true,"href":"https:\/\/santpedor.net\/radio\/wp-json\/wp\/v2\/comments?post=12634"}],"version-history":[{"count":0,"href":"https:\/\/santpedor.net\/radio\/wp-json\/wp\/v2\/posts\/12634\/revisions"}],"wp:featuredmedia":[{"embeddable":true,"href":"https:\/\/santpedor.net\/radio\/wp-json\/wp\/v2\/media\/12640"}],"wp:attachment":[{"href":"https:\/\/santpedor.net\/radio\/wp-json\/wp\/v2\/media?parent=12634"}],"wp:term":[{"taxonomy":"category","embeddable":true,"href":"https:\/\/santpedor.net\/radio\/wp-json\/wp\/v2\/categories?post=12634"},{"taxonomy":"post_tag","embeddable":true,"href":"https:\/\/santpedor.net\/radio\/wp-json\/wp\/v2\/tags?post=12634"}],"curies":[{"name":"wp","href":"https:\/\/api.w.org\/{rel}","templated":true}]}}