{"id":12641,"date":"2020-08-14T18:30:31","date_gmt":"2020-08-14T16:30:31","guid":{"rendered":"https:\/\/santpedor.net\/radio\/?p=12641"},"modified":"2020-08-14T12:11:37","modified_gmt":"2020-08-14T10:11:37","slug":"les-piscines-de-santpedor-gaudeixen-dun-estiu-tranquil-i-segur","status":"publish","type":"post","link":"https:\/\/santpedor.net\/radio\/les-piscines-de-santpedor-gaudeixen-dun-estiu-tranquil-i-segur\/","title":{"rendered":"Les piscines de Santpedor gaudeixen d&#8217;un estiu tranquil i segur"},"content":{"rendered":"\n<p>A l\u2019estiu, si hi ha una cosa que es busca amb desesperaci\u00f3 \u00e9s\u2026l\u2019aigua. Sigui salada, dol\u00e7a o amb clor, per\u00f2 l\u2019objectiu \u00e9s apagar la calor intensa d\u2019aquells 40 graus al que s\u2019enfila el term\u00f2metre durant les pitjors hores de sol. Les inclem\u00e8ncies del temps no s\u2019aturen a l\u2019estiu, per\u00f2 enguany, banyar-se t\u00e9 el punt de perillositat per ser un focus de transmissi\u00f3 de la pand\u00e8mia si no es prenen les mesures adequades. La ra\u00f3: tothom va a buscar l\u2019aigua. La piscina de Santpedor va obrir el passat juliol ben alerta. Ho explica el responsable de la piscina, Gabriel Calaf.<\/p>\n\n\n\n<figure class=\"wp-block-audio\"><audio controls src=\"https:\/\/santpedor.net\/radio\/wp-content\/uploads\/2020\/08\/06-TALL-piscina-OBERTURA.mp3\"><\/audio><figcaption><em><span class=\"has-inline-color has-pale-cyan-blue-color\">Gabriel Calaf, piscines de Santpedor<\/span><\/em><\/figcaption><\/figure>\n\n\n\n<p>Un dels punts claus ha sigut la posada en marxa de l\u2019aforament de la piscina online. Abans d\u2019agafar el banyador i la tovallola, l\u2019usuari pot mirar per internet si podr\u00e0 entrar, ja que hi ha un comptador en temps real de les persones que entren. L\u2019aforament, per tal de garantir les dist\u00e0ncies, s\u2019ha vist redu\u00eft.<\/p>\n\n\n\n<figure class=\"wp-block-audio\"><audio controls src=\"https:\/\/santpedor.net\/radio\/wp-content\/uploads\/2020\/08\/07-TALL-piscina-AFORAMENT.mp3\"><\/audio><figcaption><em><span class=\"has-inline-color has-pale-cyan-blue-color\">Gabriel Calaf, piscines de Santpedor<\/span><\/em><\/figcaption><\/figure>\n\n\n\n<p>Enguany s\u2019ha volgut donar prioritat als abonats, en especial als residents a Santpedor. \u00c9s per aix\u00f2 que quan l\u2019aforament arriba als 450 usuaris i usu\u00e0ries, l\u2019acc\u00e9s queda restringit \u00fanicament als abonats. Un dels punts calents \u00e9s la dutxa i el vestidor. \u00c9s per aix\u00f2 que es mantenen 2 vestidors oberts, per\u00f2 les dutxes interiors queden tancades i no hi ha servei de taquilles.<\/p>\n\n\n\n<figure class=\"wp-block-audio\"><audio controls src=\"https:\/\/santpedor.net\/radio\/wp-content\/uploads\/2020\/08\/08-TALL-piscina-MESURES.mp3\"><\/audio><figcaption><em><span class=\"has-inline-color has-pale-cyan-blue-color\">Gabriel Calaf, piscines de Santpedor<\/span><\/em><\/figcaption><\/figure>\n\n\n\n<p>L\u2019abs\u00e8ncia de cursos de nataci\u00f3 tamb\u00e9 ha fet que alguns usuaris notin m\u00e9s tranquil\u00b7litat a dins i a fora de l\u2019aigua.<\/p>\n\n\n\n<figure class=\"wp-block-audio\"><audio controls src=\"https:\/\/santpedor.net\/radio\/wp-content\/uploads\/2020\/08\/09-TALL-piscina-TRANQUILITAT.mp3\"><\/audio><figcaption><em><span class=\"has-inline-color has-pale-cyan-blue-color\">Gabriel Calaf, piscines de Santpedor<\/span><\/em><\/figcaption><\/figure>\n\n\n\n<p>I \u00e9s ben b\u00e9 que els usuaris ho corroboren.<\/p>\n\n\n\n<figure class=\"wp-block-audio\"><audio controls src=\"https:\/\/santpedor.net\/radio\/wp-content\/uploads\/2020\/08\/10-TALL-piscina-USUARIS.mp3\"><\/audio><figcaption><span class=\"has-inline-color has-pale-cyan-blue-color\">Usuaris de les piscines de Santpedor<\/span><\/figcaption><\/figure>\n\n\n\n<p>Ni el gel, ni les mascaretes, ni tampoc el respecte a la dist\u00e0ncia ha fet que els usuaris fidels a la piscina municipal de Santpedor deixin d\u2019anar. La cerca d\u2019aigua no deixa de ser una prioritat a l\u2019estiu. I aix\u00f2 ho saben a la piscina.<\/p>\n","protected":false},"excerpt":{"rendered":"<p>A l\u2019estiu, si hi ha una cosa que es busca amb desesperaci\u00f3 \u00e9s\u2026l\u2019aigua. Sigui salada, dol\u00e7a o amb clor, per\u00f2 l\u2019objectiu \u00e9s apagar la calor intensa d\u2019aquells 40 graus al que s\u2019enfila el term\u00f2metre durant les pitjors hores de sol. Les inclem\u00e8ncies del temps no s\u2019aturen a l\u2019estiu, per\u00f2 enguany, banyar-se t\u00e9 el punt de [&hellip;]<\/p>\n","protected":false},"author":1,"featured_media":12078,"comment_status":"open","ping_status":"closed","sticky":false,"template":"","format":"standard","meta":{"footnotes":""},"categories":[3,137],"tags":[],"class_list":{"0":"post-12641","1":"post","2":"type-post","3":"status-publish","4":"format-standard","5":"has-post-thumbnail","7":"category-noticies","8":"category-societat"},"_links":{"self":[{"href":"https:\/\/santpedor.net\/radio\/wp-json\/wp\/v2\/posts\/12641","targetHints":{"allow":["GET"]}}],"collection":[{"href":"https:\/\/santpedor.net\/radio\/wp-json\/wp\/v2\/posts"}],"about":[{"href":"https:\/\/santpedor.net\/radio\/wp-json\/wp\/v2\/types\/post"}],"author":[{"embeddable":true,"href":"https:\/\/santpedor.net\/radio\/wp-json\/wp\/v2\/users\/1"}],"replies":[{"embeddable":true,"href":"https:\/\/santpedor.net\/radio\/wp-json\/wp\/v2\/comments?post=12641"}],"version-history":[{"count":0,"href":"https:\/\/santpedor.net\/radio\/wp-json\/wp\/v2\/posts\/12641\/revisions"}],"wp:featuredmedia":[{"embeddable":true,"href":"https:\/\/santpedor.net\/radio\/wp-json\/wp\/v2\/media\/12078"}],"wp:attachment":[{"href":"https:\/\/santpedor.net\/radio\/wp-json\/wp\/v2\/media?parent=12641"}],"wp:term":[{"taxonomy":"category","embeddable":true,"href":"https:\/\/santpedor.net\/radio\/wp-json\/wp\/v2\/categories?post=12641"},{"taxonomy":"post_tag","embeddable":true,"href":"https:\/\/santpedor.net\/radio\/wp-json\/wp\/v2\/tags?post=12641"}],"curies":[{"name":"wp","href":"https:\/\/api.w.org\/{rel}","templated":true}]}}