{"id":12886,"date":"2021-09-20T11:36:02","date_gmt":"2021-09-20T09:36:02","guid":{"rendered":"https:\/\/santpedor.net\/radio\/?p=12886"},"modified":"2022-11-24T18:43:24","modified_gmt":"2022-11-24T17:43:24","slug":"lajuntament-intentara-que-es-consideri-laerodrom-com-una-activitat-doci-per-poder-comparar-el-soroll-amb-altres-activitats","status":"publish","type":"post","link":"https:\/\/santpedor.net\/radio\/lajuntament-intentara-que-es-consideri-laerodrom-com-una-activitat-doci-per-poder-comparar-el-soroll-amb-altres-activitats\/","title":{"rendered":"L&#8217;Ajuntament intentar\u00e0 que es consideri l&#8217;aer\u00f2drom com una activitat d&#8217;oci per poder comparar el soroll amb altres activitats"},"content":{"rendered":"<p>Diumenge es va estrenar el &#8220;Santpedor en clau&#8221; un nou programa de R\u00e0dio Santpedor que s&#8217;emetr\u00e0 al migdia del diumenge de la setmana en que s&#8217;hagi celebrat un ple. En aquesta ocasi\u00f3 hi van participar els regidors Pep Illa, Toni Puiggr\u00f2s, Pau Clusella i Xavi Le\u00f3n.<\/p>\n<p>El fil argumental va ser l&#8217;adhesi\u00f3 de Santpedor al Pla d&#8217;igualtat de g\u00e8nere del Consell Comarcal, la modificaci\u00f3 del POUM i, finalment, van recon\u00e8ixer que el soroll de les avionetes \u00e9s un punt conflictiu i per aix\u00f2 estan buscant-hi solucions. Ho va explicar Pep Illa, regidor d&#8217;Urbanisme.<\/p>\n<audio class=\"wp-audio-shortcode\" id=\"audio-12886-1\" preload=\"none\" style=\"width: 100%;\" controls=\"controls\"><source type=\"audio\/mpeg\" src=\"https:\/\/santpedor.net\/radio\/wp-content\/uploads\/2021\/09\/210921-AERODROM-ILLA-AIXO-ARA-24.mp3?_=1\" \/><a href=\"https:\/\/santpedor.net\/radio\/wp-content\/uploads\/2021\/09\/210921-AERODROM-ILLA-AIXO-ARA-24.mp3\">https:\/\/santpedor.net\/radio\/wp-content\/uploads\/2021\/09\/210921-AERODROM-ILLA-AIXO-ARA-24.mp3<\/a><\/audio>\n<p>Recupera aqu\u00ed el programa sencer:<\/p>\n<p><iframe loading=\"lazy\" src=\"https:\/\/www.ivoox.com\/player_ej_75671200_2_1.html?data=mJqjmZaWdJGhhpywj5WVaZS1kZWSlaaUfI6ZmKiak5KJe6ShkZKSmaiRdI6ZmKiatcbSuNHZxdTfjcrSb8TgwtqYj5C3qdXZzsffx5CWdJOljoqkpZK2aaSnhqadxs7Tb7TVz9ndx8nTto6ZmKialg..&amp;\" width=\"100%\" height=\"200\" frameborder=\"0\" scrolling=\"no\" allowfullscreen=\"allowfullscreen\"><\/iframe><\/p>\n<p>&nbsp;<\/p>\n","protected":false},"excerpt":{"rendered":"<p>Diumenge es va estrenar el &#8220;Santpedor en clau&#8221; un nou programa de R\u00e0dio Santpedor que s&#8217;emetr\u00e0 al migdia del diumenge de la setmana en que s&#8217;hagi celebrat un ple. En aquesta ocasi\u00f3 hi van participar els regidors Pep Illa, Toni Puiggr\u00f2s, Pau Clusella i Xavi Le\u00f3n. El fil argumental va ser l&#8217;adhesi\u00f3 de Santpedor al [&hellip;]<\/p>\n","protected":false},"author":667,"featured_media":12888,"comment_status":"open","ping_status":"closed","sticky":false,"template":"","format":"audio","meta":{"footnotes":""},"categories":[1,3,356,136,535],"tags":[],"class_list":{"0":"post-12886","1":"post","2":"type-post","3":"status-publish","4":"format-audio","5":"has-post-thumbnail","7":"category-general","8":"category-noticies","9":"category-placa-gran","10":"category-politica-i-economia","11":"category-programes","12":"post_format-post-format-audio"},"_links":{"self":[{"href":"https:\/\/santpedor.net\/radio\/wp-json\/wp\/v2\/posts\/12886","targetHints":{"allow":["GET"]}}],"collection":[{"href":"https:\/\/santpedor.net\/radio\/wp-json\/wp\/v2\/posts"}],"about":[{"href":"https:\/\/santpedor.net\/radio\/wp-json\/wp\/v2\/types\/post"}],"author":[{"embeddable":true,"href":"https:\/\/santpedor.net\/radio\/wp-json\/wp\/v2\/users\/667"}],"replies":[{"embeddable":true,"href":"https:\/\/santpedor.net\/radio\/wp-json\/wp\/v2\/comments?post=12886"}],"version-history":[{"count":0,"href":"https:\/\/santpedor.net\/radio\/wp-json\/wp\/v2\/posts\/12886\/revisions"}],"wp:featuredmedia":[{"embeddable":true,"href":"https:\/\/santpedor.net\/radio\/wp-json\/wp\/v2\/media\/12888"}],"wp:attachment":[{"href":"https:\/\/santpedor.net\/radio\/wp-json\/wp\/v2\/media?parent=12886"}],"wp:term":[{"taxonomy":"category","embeddable":true,"href":"https:\/\/santpedor.net\/radio\/wp-json\/wp\/v2\/categories?post=12886"},{"taxonomy":"post_tag","embeddable":true,"href":"https:\/\/santpedor.net\/radio\/wp-json\/wp\/v2\/tags?post=12886"}],"curies":[{"name":"wp","href":"https:\/\/api.w.org\/{rel}","templated":true}]}}