{"id":13048,"date":"2022-02-17T11:49:52","date_gmt":"2022-02-17T10:49:52","guid":{"rendered":"https:\/\/santpedor.net\/radio\/?p=13048"},"modified":"2022-02-17T11:49:52","modified_gmt":"2022-02-17T10:49:52","slug":"la-reforma-de-cal-clarasso-encara-la-recta-final","status":"publish","type":"post","link":"https:\/\/santpedor.net\/radio\/la-reforma-de-cal-clarasso-encara-la-recta-final\/","title":{"rendered":"La reforma de Cal Clarass\u00f3 encara la recta final"},"content":{"rendered":"<p>Arrenca la segona fase de la reforma de Cal Clarass\u00f3. \u00c9s l\u2019antiga f\u00e0brica t\u00e8xtil santpedorenca que tenia les obres programades pel gener i els preus del material han fet que es retardin fins ara. Tot i aix\u00f2, confien en acabar sobre el termini previst i, per tant, la reforma seria una realitat abans del 2023.<\/p>\n<p>Costar\u00e0,en total, un mili\u00f3 sis-cents mil euros que, principalment, hauran subvencionat la Diputaci\u00f3 i els fons europeus FEDER. La primera fase de l\u2019obra ja es va retardar un mes. Aquesta tamb\u00e9 ho ha fet, per\u00f2 insisteixen en que abar\u00e0 quan toca. Ho explica l\u2019alcalde, Xavier Codina.<\/p>\n<audio class=\"wp-audio-shortcode\" id=\"audio-13048-1\" preload=\"none\" style=\"width: 100%;\" controls=\"controls\"><source type=\"audio\/mpeg\" src=\"https:\/\/onabages.cat\/wp-content\/uploads\/2022\/01\/170222-LC-CLARASSO-CODINA-DEIEM-27.mp3?_=1\" \/><a href=\"https:\/\/onabages.cat\/wp-content\/uploads\/2022\/01\/170222-LC-CLARASSO-CODINA-DEIEM-27.mp3\">https:\/\/onabages.cat\/wp-content\/uploads\/2022\/01\/170222-LC-CLARASSO-CODINA-DEIEM-27.mp3<\/a><\/audio>\n<p>El cas \u00e9s que la causa del retard ha sigut la crisi de subministrament que hi ha a nivell mundial. Aix\u00f2 fa dif\u00edcil trobar materials i que estiguin al preu que van planejar quan es va licitar el projecte.<\/p>\n<audio class=\"wp-audio-shortcode\" id=\"audio-13048-2\" preload=\"none\" style=\"width: 100%;\" controls=\"controls\"><source type=\"audio\/mpeg\" src=\"https:\/\/onabages.cat\/wp-content\/uploads\/2022\/01\/170222-LC-CLARASSO-CODINA-DEIEM-27-1.mp3?_=2\" \/><a href=\"https:\/\/onabages.cat\/wp-content\/uploads\/2022\/01\/170222-LC-CLARASSO-CODINA-DEIEM-27-1.mp3\">https:\/\/onabages.cat\/wp-content\/uploads\/2022\/01\/170222-LC-CLARASSO-CODINA-DEIEM-27-1.mp3<\/a><\/audio>\n<p>Un cop s\u2019acabi l\u2019obra, s\u2019hi traslladar\u00e0 la llar d\u2019avis que ara est\u00e0 a Ca l\u2019Arola, a la Pla\u00e7a Gran U d\u2019octubre. Codina, per\u00f2, diu que l\u2019objectiu \u00e9s que l\u2019espai estigui obert a tot el poble. Pel que fa a l\u2019edifici on hi ha Ca l\u2019Arola, l\u2019Ajuntament es planteja reorganitzar-lo i redistribuir l\u2019espai.<\/p>\n<p>&nbsp;<\/p>\n","protected":false},"excerpt":{"rendered":"<p>Arrenca la segona fase de la reforma de Cal Clarass\u00f3. \u00c9s l\u2019antiga f\u00e0brica t\u00e8xtil santpedorenca que tenia les obres programades pel gener i els preus del material han fet que es retardin fins ara. Tot i aix\u00f2, confien en acabar sobre el termini previst i, per tant, la reforma seria una realitat abans del 2023. [&hellip;]<\/p>\n","protected":false},"author":667,"featured_media":11121,"comment_status":"open","ping_status":"closed","sticky":false,"template":"","format":"standard","meta":{"footnotes":""},"categories":[1,3,137],"tags":[],"class_list":{"0":"post-13048","1":"post","2":"type-post","3":"status-publish","4":"format-standard","5":"has-post-thumbnail","7":"category-general","8":"category-noticies","9":"category-societat"},"_links":{"self":[{"href":"https:\/\/santpedor.net\/radio\/wp-json\/wp\/v2\/posts\/13048","targetHints":{"allow":["GET"]}}],"collection":[{"href":"https:\/\/santpedor.net\/radio\/wp-json\/wp\/v2\/posts"}],"about":[{"href":"https:\/\/santpedor.net\/radio\/wp-json\/wp\/v2\/types\/post"}],"author":[{"embeddable":true,"href":"https:\/\/santpedor.net\/radio\/wp-json\/wp\/v2\/users\/667"}],"replies":[{"embeddable":true,"href":"https:\/\/santpedor.net\/radio\/wp-json\/wp\/v2\/comments?post=13048"}],"version-history":[{"count":0,"href":"https:\/\/santpedor.net\/radio\/wp-json\/wp\/v2\/posts\/13048\/revisions"}],"wp:featuredmedia":[{"embeddable":true,"href":"https:\/\/santpedor.net\/radio\/wp-json\/wp\/v2\/media\/11121"}],"wp:attachment":[{"href":"https:\/\/santpedor.net\/radio\/wp-json\/wp\/v2\/media?parent=13048"}],"wp:term":[{"taxonomy":"category","embeddable":true,"href":"https:\/\/santpedor.net\/radio\/wp-json\/wp\/v2\/categories?post=13048"},{"taxonomy":"post_tag","embeddable":true,"href":"https:\/\/santpedor.net\/radio\/wp-json\/wp\/v2\/tags?post=13048"}],"curies":[{"name":"wp","href":"https:\/\/api.w.org\/{rel}","templated":true}]}}