{"id":13083,"date":"2022-02-03T13:02:03","date_gmt":"2022-02-03T12:02:03","guid":{"rendered":"https:\/\/santpedor.net\/radio\/?p=13083"},"modified":"2022-02-03T13:02:03","modified_gmt":"2022-02-03T12:02:03","slug":"santpedor-millora-les-seves-dades-docupacio-durant-el-gener","status":"publish","type":"post","link":"https:\/\/santpedor.net\/radio\/santpedor-millora-les-seves-dades-docupacio-durant-el-gener\/","title":{"rendered":"Santpedor millora les seves dades d&#8217;ocupaci\u00f3 durant el gener"},"content":{"rendered":"<p>Santpedor t\u00e9 4 aturats menys que quan va comen\u00e7ar l&#8217;any. Ara mateix hi ha 260 desocupats al poble, 45 menys que ara fa un any. En total, la millora interanual ha sigut del \u00a017,3%, 10 punts menys que al conjunt de Catalunya.<\/p>\n<p>Les dades de l\u2019atur s\u2019han estabilitzat al conjunt de la comarca despr\u00e9s d\u2019una din\u00e0mica de millora durant pr\u00e0cticament tot el 2021. En aquest primer mes de l\u2019any hi ha 61 desocupats m\u00e9s que ara fa un mes. En total hi ha 9.561 aturats a la comarca.<\/p>\n<p><span style=\"font-weight: 400;\">S\u00f3n 2.500 menys que ara fa un any, el que indica la millora constant pel que fa a l\u2019ocupaci\u00f3 de l\u2019any passat. Com \u00e9s habitual, la meitat dels aturats de la comarca s\u00f3n a Manresa, que ara en t\u00e9 4.876.<\/span><\/p>\n<p><span style=\"font-weight: 400;\">Poble per poble, Fonollosa i Balsareny s\u00f3n els que m\u00e9s han millorat les taxes d\u2019atur amb 7 i 6 desocupats menys respectivament. Ara els dos pobles registre 59 i 136 aturats cadascun.<\/span><\/p>\n<p><span style=\"font-weight: 400;\">A l\u2019altre cara de la moneda hi ha Sant Vicen\u00e7 de Castellet i Art\u00e9s, que han registrat un augment en la desocupaci\u00f3. Sant Vicen\u00e7 amb 17 aturats m\u00e9s que a principis d\u2019any i Art\u00e9s amb 13.<\/span><\/p>\n<p>&nbsp;<\/p>\n","protected":false},"excerpt":{"rendered":"<p>Santpedor t\u00e9 4 aturats menys que quan va comen\u00e7ar l&#8217;any. Ara mateix hi ha 260 desocupats al poble, 45 menys que ara fa un any. En total, la millora interanual ha sigut del \u00a017,3%, 10 punts menys que al conjunt de Catalunya. Les dades de l\u2019atur s\u2019han estabilitzat al conjunt de la comarca despr\u00e9s d\u2019una [&hellip;]<\/p>\n","protected":false},"author":667,"featured_media":9121,"comment_status":"open","ping_status":"closed","sticky":false,"template":"","format":"standard","meta":{"footnotes":""},"categories":[1,3,137],"tags":[],"class_list":{"0":"post-13083","1":"post","2":"type-post","3":"status-publish","4":"format-standard","5":"has-post-thumbnail","7":"category-general","8":"category-noticies","9":"category-societat"},"_links":{"self":[{"href":"https:\/\/santpedor.net\/radio\/wp-json\/wp\/v2\/posts\/13083","targetHints":{"allow":["GET"]}}],"collection":[{"href":"https:\/\/santpedor.net\/radio\/wp-json\/wp\/v2\/posts"}],"about":[{"href":"https:\/\/santpedor.net\/radio\/wp-json\/wp\/v2\/types\/post"}],"author":[{"embeddable":true,"href":"https:\/\/santpedor.net\/radio\/wp-json\/wp\/v2\/users\/667"}],"replies":[{"embeddable":true,"href":"https:\/\/santpedor.net\/radio\/wp-json\/wp\/v2\/comments?post=13083"}],"version-history":[{"count":0,"href":"https:\/\/santpedor.net\/radio\/wp-json\/wp\/v2\/posts\/13083\/revisions"}],"wp:featuredmedia":[{"embeddable":true,"href":"https:\/\/santpedor.net\/radio\/wp-json\/wp\/v2\/media\/9121"}],"wp:attachment":[{"href":"https:\/\/santpedor.net\/radio\/wp-json\/wp\/v2\/media?parent=13083"}],"wp:term":[{"taxonomy":"category","embeddable":true,"href":"https:\/\/santpedor.net\/radio\/wp-json\/wp\/v2\/categories?post=13083"},{"taxonomy":"post_tag","embeddable":true,"href":"https:\/\/santpedor.net\/radio\/wp-json\/wp\/v2\/tags?post=13083"}],"curies":[{"name":"wp","href":"https:\/\/api.w.org\/{rel}","templated":true}]}}