{"id":13084,"date":"2022-02-03T20:37:17","date_gmt":"2022-02-03T19:37:17","guid":{"rendered":"https:\/\/santpedor.net\/radio\/?p=13084"},"modified":"2022-02-03T20:40:41","modified_gmt":"2022-02-03T19:40:41","slug":"un-grup-de-santpedorencs-recollira-signatures-a-partir-de-diumenge-per-repetir-la-consulta-sobre-les-vaquetes","status":"publish","type":"post","link":"https:\/\/santpedor.net\/radio\/un-grup-de-santpedorencs-recollira-signatures-a-partir-de-diumenge-per-repetir-la-consulta-sobre-les-vaquetes\/","title":{"rendered":"Un grup de santpedorencs recollir\u00e0 signatures a partir de diumenge per repetir la consulta sobre les vaquetes"},"content":{"rendered":"<p>El grup de santpedorencs que formen Santpedor Vaquetes ha anunciat la tarda d&#8217;aquest dijous que recollir\u00e0 signatures per repetir la consulta sobre les vaquetes que es va fer al desembre del 2019. Argumenten que la primera votaci\u00f3 es va fer per pressions pol\u00edtiques i despr\u00e9s de la pand\u00e8mia i dos anys d&#8217;incertesa creuen que \u00e9s el moment per comen\u00e7ar a aconseguir suports.<\/p>\n<p>En el comunicat que han penjat a trav\u00e9s de les xarxes socials diuen que molta gent va anar a votar en la votaci\u00f3 de fa poc m\u00e9s de 2 anys, per\u00f2 molta es va quedar a casa donant per fet que el resultat seria favorable i ara volen convocar una segona consulta determinant.<\/p>\n<p>En la votaci\u00f3 d&#8217;ara fa dos anys van passar per les urnes 2.308 santpedorencs, el 37% dels convocats. El resultat va ser de 1.150 vots en contra de les vaquetes i 1.104 perqu\u00e8 continuessin formant part de la festa major del poble. Tamb\u00e9 es van comptar 21 vots en blanc i 33 vots nuls.<\/p>\n<h3>Hi haur\u00e0 una carrossa reivindicativa durant els tres tombs<\/h3>\n<p>El tret de sortida de la recollida de signatures ser\u00e0 diumenge a la Pla\u00e7a de l&#8217;Esgl\u00e8sia durant els tres tombs, on el grup ha demanat l&#8217;espai i tamb\u00e9 far\u00e0 una carrossa reivindicativa. Ho avan\u00e7a a R\u00e0dio Santpedor el president d&#8217;Equiset, organitzadors dels tres tombs, Francesc Cos.<\/p>\n<audio class=\"wp-audio-shortcode\" id=\"audio-13084-1\" preload=\"none\" style=\"width: 100%;\" controls=\"controls\"><source type=\"audio\/mpeg\" src=\"https:\/\/santpedor.net\/radio\/wp-content\/uploads\/2022\/02\/040222-VAQUETES-COS-VAQUETES-17.mp3?_=1\" \/><a href=\"https:\/\/santpedor.net\/radio\/wp-content\/uploads\/2022\/02\/040222-VAQUETES-COS-VAQUETES-17.mp3\">https:\/\/santpedor.net\/radio\/wp-content\/uploads\/2022\/02\/040222-VAQUETES-COS-VAQUETES-17.mp3<\/a><\/audio>\n","protected":false},"excerpt":{"rendered":"<p>El grup de santpedorencs que formen Santpedor Vaquetes ha anunciat la tarda d&#8217;aquest dijous que recollir\u00e0 signatures per repetir la consulta sobre les vaquetes que es va fer al desembre del 2019. Argumenten que la primera votaci\u00f3 es va fer per pressions pol\u00edtiques i despr\u00e9s de la pand\u00e8mia i dos anys d&#8217;incertesa creuen que \u00e9s [&hellip;]<\/p>\n","protected":false},"author":667,"featured_media":9932,"comment_status":"open","ping_status":"closed","sticky":false,"template":"","format":"standard","meta":{"footnotes":""},"categories":[236,1,3],"tags":[],"class_list":{"0":"post-13084","1":"post","2":"type-post","3":"status-publish","4":"format-standard","5":"has-post-thumbnail","7":"category-entitats-i-cultura","8":"category-general","9":"category-noticies"},"_links":{"self":[{"href":"https:\/\/santpedor.net\/radio\/wp-json\/wp\/v2\/posts\/13084","targetHints":{"allow":["GET"]}}],"collection":[{"href":"https:\/\/santpedor.net\/radio\/wp-json\/wp\/v2\/posts"}],"about":[{"href":"https:\/\/santpedor.net\/radio\/wp-json\/wp\/v2\/types\/post"}],"author":[{"embeddable":true,"href":"https:\/\/santpedor.net\/radio\/wp-json\/wp\/v2\/users\/667"}],"replies":[{"embeddable":true,"href":"https:\/\/santpedor.net\/radio\/wp-json\/wp\/v2\/comments?post=13084"}],"version-history":[{"count":0,"href":"https:\/\/santpedor.net\/radio\/wp-json\/wp\/v2\/posts\/13084\/revisions"}],"wp:featuredmedia":[{"embeddable":true,"href":"https:\/\/santpedor.net\/radio\/wp-json\/wp\/v2\/media\/9932"}],"wp:attachment":[{"href":"https:\/\/santpedor.net\/radio\/wp-json\/wp\/v2\/media?parent=13084"}],"wp:term":[{"taxonomy":"category","embeddable":true,"href":"https:\/\/santpedor.net\/radio\/wp-json\/wp\/v2\/categories?post=13084"},{"taxonomy":"post_tag","embeddable":true,"href":"https:\/\/santpedor.net\/radio\/wp-json\/wp\/v2\/tags?post=13084"}],"curies":[{"name":"wp","href":"https:\/\/api.w.org\/{rel}","templated":true}]}}