{"id":13086,"date":"2022-02-04T18:37:57","date_gmt":"2022-02-04T17:37:57","guid":{"rendered":"https:\/\/santpedor.net\/radio\/?p=13086"},"modified":"2022-02-04T18:39:57","modified_gmt":"2022-02-04T17:39:57","slug":"ernest-falip-i-francesc-cos-parlen-de-lafectacio-de-la-pandemia-i-recorden-jordi-falip-abans-de-recuperar-els-tres-tombs","status":"publish","type":"post","link":"https:\/\/santpedor.net\/radio\/ernest-falip-i-francesc-cos-parlen-de-lafectacio-de-la-pandemia-i-recorden-jordi-falip-abans-de-recuperar-els-tres-tombs\/","title":{"rendered":"Ernest Falip i Francesc Cos parlen de l&#8217;afectaci\u00f3 de la pand\u00e8mia i recorden Jordi Falip abans de recuperar els Tres Tombs"},"content":{"rendered":"<p>Santpedor recupera els tres tombs despr\u00e9s del par\u00e8ntesis de l\u2019any passat i amb el record de Jordi Falip, un dels organitzadors hist\u00f2rics, present.<\/p>\n<p>El recorregut passar\u00e0 pel carrer del Vall, la pla\u00e7a de l\u2019Esgl\u00e9sia, la pla\u00e7a de la Font, el carrer Passeig i la Muralla de Manresa. No es podr\u00e0 aparcar ni a la pla\u00e7a de l\u2019Esgl\u00e8sia ni al carrer Passeig durant to el mat\u00ed i tampoc es podr\u00e0 circular pel nucli hist\u00f2ric. L\u2019afectaci\u00f3 en la resta del recorregut ser\u00e0 pr\u00e0cticament de 12 a 1.<\/p>\n<p>Per tenir m\u00e9s detalls d\u2019aquests tres tombs singulars hem parlat amb el president de l\u2019entitat Equiset, Francesc Cos, i Ernest Falip.<\/p>\n<p><iframe id=\"audio_81799275\" style=\"width: 100%;\" src=\"https:\/\/www.ivoox.com\/player_ej_81799275_6_1.html\" height=\"200\" frameborder=\"0\" scrolling=\"no\" allowfullscreen=\"allowfullscreen\"><\/iframe><\/p>\n","protected":false},"excerpt":{"rendered":"<p>Santpedor recupera els tres tombs despr\u00e9s del par\u00e8ntesis de l\u2019any passat i amb el record de Jordi Falip, un dels organitzadors hist\u00f2rics, present. El recorregut passar\u00e0 pel carrer del Vall, la pla\u00e7a de l\u2019Esgl\u00e9sia, la pla\u00e7a de la Font, el carrer Passeig i la Muralla de Manresa. No es podr\u00e0 aparcar ni a la pla\u00e7a [&hellip;]<\/p>\n","protected":false},"author":667,"featured_media":13088,"comment_status":"open","ping_status":"closed","sticky":false,"template":"","format":"standard","meta":{"footnotes":""},"categories":[236,1,3],"tags":[],"class_list":{"0":"post-13086","1":"post","2":"type-post","3":"status-publish","4":"format-standard","5":"has-post-thumbnail","7":"category-entitats-i-cultura","8":"category-general","9":"category-noticies"},"_links":{"self":[{"href":"https:\/\/santpedor.net\/radio\/wp-json\/wp\/v2\/posts\/13086","targetHints":{"allow":["GET"]}}],"collection":[{"href":"https:\/\/santpedor.net\/radio\/wp-json\/wp\/v2\/posts"}],"about":[{"href":"https:\/\/santpedor.net\/radio\/wp-json\/wp\/v2\/types\/post"}],"author":[{"embeddable":true,"href":"https:\/\/santpedor.net\/radio\/wp-json\/wp\/v2\/users\/667"}],"replies":[{"embeddable":true,"href":"https:\/\/santpedor.net\/radio\/wp-json\/wp\/v2\/comments?post=13086"}],"version-history":[{"count":0,"href":"https:\/\/santpedor.net\/radio\/wp-json\/wp\/v2\/posts\/13086\/revisions"}],"wp:featuredmedia":[{"embeddable":true,"href":"https:\/\/santpedor.net\/radio\/wp-json\/wp\/v2\/media\/13088"}],"wp:attachment":[{"href":"https:\/\/santpedor.net\/radio\/wp-json\/wp\/v2\/media?parent=13086"}],"wp:term":[{"taxonomy":"category","embeddable":true,"href":"https:\/\/santpedor.net\/radio\/wp-json\/wp\/v2\/categories?post=13086"},{"taxonomy":"post_tag","embeddable":true,"href":"https:\/\/santpedor.net\/radio\/wp-json\/wp\/v2\/tags?post=13086"}],"curies":[{"name":"wp","href":"https:\/\/api.w.org\/{rel}","templated":true}]}}