{"id":13090,"date":"2022-02-07T17:40:55","date_gmt":"2022-02-07T16:40:55","guid":{"rendered":"https:\/\/santpedor.net\/radio\/?p=13090"},"modified":"2022-02-07T17:40:55","modified_gmt":"2022-02-07T16:40:55","slug":"sis-clubs-de-santpedor-participen-en-un-projecte-per-millorar-la-seva-gestio","status":"publish","type":"post","link":"https:\/\/santpedor.net\/radio\/sis-clubs-de-santpedor-participen-en-un-projecte-per-millorar-la-seva-gestio\/","title":{"rendered":"Sis clubs de Santpedor participen en un projecte per millorar la seva gesti\u00f3"},"content":{"rendered":"<p>Sis clubs de Santpedor participen en un projecte de gesti\u00f3 d\u2019entitats esportives. \u00c9s un programa de la Diputaci\u00f3 de Barcelona on s\u2019hi ha adherit l\u2019Ajuntament de Santpedor i s\u2019hi han sumat el Club de Futbol, el de Volei, el de B\u00e0squet, el de Futbol Sala, la Penya Blaugrana i la Societat de Ca\u00e7adors.<\/p>\n<p><span style=\"font-weight: 400;\">El regidor d\u2019esports, Agust\u00ed Comas, diu que l\u2019objectiu \u00e9s analitzar cada entitat per millorar la gesti\u00f3 pel que fa a la paperassa.<\/span><\/p>\n<audio class=\"wp-audio-shortcode\" id=\"audio-13090-1\" preload=\"none\" style=\"width: 100%;\" controls=\"controls\"><source type=\"audio\/mpeg\" src=\"https:\/\/santpedor.net\/radio\/wp-content\/uploads\/2022\/02\/070222-ESPORT-COMAS-ETCETERA-21.mp3?_=1\" \/><a href=\"https:\/\/santpedor.net\/radio\/wp-content\/uploads\/2022\/02\/070222-ESPORT-COMAS-ETCETERA-21.mp3\">https:\/\/santpedor.net\/radio\/wp-content\/uploads\/2022\/02\/070222-ESPORT-COMAS-ETCETERA-21.mp3<\/a><\/audio>\n<p><span style=\"font-weight: 400;\">Les entitats ja han passat la primera fase que va ser una sessi\u00f3 de recollida d\u2019informaci\u00f3 i el seg\u00fcent pas \u00e9s que els experts analitzin cada club per fer un assessorament personalitzat.<\/span><\/p>\n<audio class=\"wp-audio-shortcode\" id=\"audio-13090-2\" preload=\"none\" style=\"width: 100%;\" controls=\"controls\"><source type=\"audio\/mpeg\" src=\"https:\/\/santpedor.net\/radio\/wp-content\/uploads\/2022\/02\/070222-ESPORT-COMAS-FER-16.mp3?_=2\" \/><a href=\"https:\/\/santpedor.net\/radio\/wp-content\/uploads\/2022\/02\/070222-ESPORT-COMAS-FER-16.mp3\">https:\/\/santpedor.net\/radio\/wp-content\/uploads\/2022\/02\/070222-ESPORT-COMAS-FER-16.mp3<\/a><\/audio>\n<p><span style=\"font-weight: 400;\">La recollida d\u2019informaci\u00f3 \u00e9s totalment confidencial i serveix per poder millorar la gesti\u00f3 dels clubs des d\u2019una vessant pedag\u00f2gica.<\/span><\/p>\n<p>&nbsp;<\/p>\n","protected":false},"excerpt":{"rendered":"<p>Sis clubs de Santpedor participen en un projecte de gesti\u00f3 d\u2019entitats esportives. \u00c9s un programa de la Diputaci\u00f3 de Barcelona on s\u2019hi ha adherit l\u2019Ajuntament de Santpedor i s\u2019hi han sumat el Club de Futbol, el de Volei, el de B\u00e0squet, el de Futbol Sala, la Penya Blaugrana i la Societat de Ca\u00e7adors. El regidor [&hellip;]<\/p>\n","protected":false},"author":667,"featured_media":13093,"comment_status":"open","ping_status":"closed","sticky":false,"template":"","format":"standard","meta":{"footnotes":""},"categories":[225,1,3],"tags":[],"class_list":{"0":"post-13090","1":"post","2":"type-post","3":"status-publish","4":"format-standard","5":"has-post-thumbnail","7":"category-esports","8":"category-general","9":"category-noticies"},"_links":{"self":[{"href":"https:\/\/santpedor.net\/radio\/wp-json\/wp\/v2\/posts\/13090","targetHints":{"allow":["GET"]}}],"collection":[{"href":"https:\/\/santpedor.net\/radio\/wp-json\/wp\/v2\/posts"}],"about":[{"href":"https:\/\/santpedor.net\/radio\/wp-json\/wp\/v2\/types\/post"}],"author":[{"embeddable":true,"href":"https:\/\/santpedor.net\/radio\/wp-json\/wp\/v2\/users\/667"}],"replies":[{"embeddable":true,"href":"https:\/\/santpedor.net\/radio\/wp-json\/wp\/v2\/comments?post=13090"}],"version-history":[{"count":0,"href":"https:\/\/santpedor.net\/radio\/wp-json\/wp\/v2\/posts\/13090\/revisions"}],"wp:featuredmedia":[{"embeddable":true,"href":"https:\/\/santpedor.net\/radio\/wp-json\/wp\/v2\/media\/13093"}],"wp:attachment":[{"href":"https:\/\/santpedor.net\/radio\/wp-json\/wp\/v2\/media?parent=13090"}],"wp:term":[{"taxonomy":"category","embeddable":true,"href":"https:\/\/santpedor.net\/radio\/wp-json\/wp\/v2\/categories?post=13090"},{"taxonomy":"post_tag","embeddable":true,"href":"https:\/\/santpedor.net\/radio\/wp-json\/wp\/v2\/tags?post=13090"}],"curies":[{"name":"wp","href":"https:\/\/api.w.org\/{rel}","templated":true}]}}