{"id":13094,"date":"2022-02-08T08:28:39","date_gmt":"2022-02-08T07:28:39","guid":{"rendered":"https:\/\/santpedor.net\/radio\/?p=13094"},"modified":"2022-02-08T08:32:37","modified_gmt":"2022-02-08T07:32:37","slug":"les-escoles-veuen-amb-bons-ulls-que-shagin-acabat-els-cribratges-massius-a-lalumnat","status":"publish","type":"post","link":"https:\/\/santpedor.net\/radio\/les-escoles-veuen-amb-bons-ulls-que-shagin-acabat-els-cribratges-massius-a-lalumnat\/","title":{"rendered":"Els centres educatius veuen amb bons ulls que s&#8217;hagin acabat els cribratges massius a l&#8217;alumnat"},"content":{"rendered":"<p>Salut ha eliminat aquesta setmana els cribratges massius a l&#8217;alumnat quan un alumne de la mateixa classe donava positiu en Coronavirus. Els centres escolars han rebut positivament la mesura i reconeixen que els facilitar\u00e0 la feina. El director de l\u2019Escola Llissach, Ferran Riera, veu b\u00e9 el canvi i apunta que dona un aire de normalitat. S\u00f3n declaracions a R\u00e0dio Santpedor.<b><br \/>\n<\/b><\/p>\n<audio class=\"wp-audio-shortcode\" id=\"audio-13094-1\" preload=\"none\" style=\"width: 100%;\" controls=\"controls\"><source type=\"audio\/mpeg\" src=\"https:\/\/onabages.cat\/wp-content\/uploads\/2022\/02\/080222-CRIBRATGES-RIERA-NORMALITAT-24.mp3?_=1\" \/><a href=\"https:\/\/onabages.cat\/wp-content\/uploads\/2022\/02\/080222-CRIBRATGES-RIERA-NORMALITAT-24.mp3\">https:\/\/onabages.cat\/wp-content\/uploads\/2022\/02\/080222-CRIBRATGES-RIERA-NORMALITAT-24.mp3<\/a><\/audio>\n<p>Tamb\u00e9 n&#8217;ha parlat Teresa Prat, la directora de l\u2019IES d\u2019Auro a R\u00e0dio Santpedor. Assegura que els treu feina, per\u00f2 continuen havent de notificar els casos positius.<\/p>\n<audio class=\"wp-audio-shortcode\" id=\"audio-13094-2\" preload=\"none\" style=\"width: 100%;\" controls=\"controls\"><source type=\"audio\/mpeg\" src=\"https:\/\/onabages.cat\/wp-content\/uploads\/2022\/02\/080222-CRIBRATGES-PRAT-CONFINATS-24.mp3?_=2\" \/><a href=\"https:\/\/onabages.cat\/wp-content\/uploads\/2022\/02\/080222-CRIBRATGES-PRAT-CONFINATS-24.mp3\">https:\/\/onabages.cat\/wp-content\/uploads\/2022\/02\/080222-CRIBRATGES-PRAT-CONFINATS-24.mp3<\/a><\/audio>\n<p>Quan un alumne donava positiu en coronavirus, es feien testos d\u2019ant\u00edgens a tots els companys de la mateixa classe. Aquesta mesura era un proc\u00e9s feixuc per els centres educatius i tamb\u00e9 per les farm\u00e0cies que havien de subministrar els testos.<\/p>\n","protected":false},"excerpt":{"rendered":"<p>Salut ha eliminat aquesta setmana els cribratges massius a l&#8217;alumnat quan un alumne de la mateixa classe donava positiu en Coronavirus. Els centres escolars han rebut positivament la mesura i reconeixen que els facilitar\u00e0 la feina. El director de l\u2019Escola Llissach, Ferran Riera, veu b\u00e9 el canvi i apunta que dona un aire de normalitat. [&hellip;]<\/p>\n","protected":false},"author":667,"featured_media":4532,"comment_status":"open","ping_status":"closed","sticky":false,"template":"","format":"standard","meta":{"footnotes":""},"categories":[1,3,137],"tags":[],"class_list":{"0":"post-13094","1":"post","2":"type-post","3":"status-publish","4":"format-standard","5":"has-post-thumbnail","7":"category-general","8":"category-noticies","9":"category-societat"},"_links":{"self":[{"href":"https:\/\/santpedor.net\/radio\/wp-json\/wp\/v2\/posts\/13094","targetHints":{"allow":["GET"]}}],"collection":[{"href":"https:\/\/santpedor.net\/radio\/wp-json\/wp\/v2\/posts"}],"about":[{"href":"https:\/\/santpedor.net\/radio\/wp-json\/wp\/v2\/types\/post"}],"author":[{"embeddable":true,"href":"https:\/\/santpedor.net\/radio\/wp-json\/wp\/v2\/users\/667"}],"replies":[{"embeddable":true,"href":"https:\/\/santpedor.net\/radio\/wp-json\/wp\/v2\/comments?post=13094"}],"version-history":[{"count":0,"href":"https:\/\/santpedor.net\/radio\/wp-json\/wp\/v2\/posts\/13094\/revisions"}],"wp:featuredmedia":[{"embeddable":true,"href":"https:\/\/santpedor.net\/radio\/wp-json\/wp\/v2\/media\/4532"}],"wp:attachment":[{"href":"https:\/\/santpedor.net\/radio\/wp-json\/wp\/v2\/media?parent=13094"}],"wp:term":[{"taxonomy":"category","embeddable":true,"href":"https:\/\/santpedor.net\/radio\/wp-json\/wp\/v2\/categories?post=13094"},{"taxonomy":"post_tag","embeddable":true,"href":"https:\/\/santpedor.net\/radio\/wp-json\/wp\/v2\/tags?post=13094"}],"curies":[{"name":"wp","href":"https:\/\/api.w.org\/{rel}","templated":true}]}}