{"id":13103,"date":"2022-02-08T22:45:44","date_gmt":"2022-02-08T21:45:44","guid":{"rendered":"https:\/\/santpedor.net\/radio\/?p=13103"},"modified":"2022-02-08T22:45:44","modified_gmt":"2022-02-08T21:45:44","slug":"lempresa-que-havia-dampliar-el-pavello-rafa-martinez-no-presenta-els-papers-i-la-licitacio-queda-deserta","status":"publish","type":"post","link":"https:\/\/santpedor.net\/radio\/lempresa-que-havia-dampliar-el-pavello-rafa-martinez-no-presenta-els-papers-i-la-licitacio-queda-deserta\/","title":{"rendered":"L&#8217;empresa que havia d&#8217;ampliar el Pavell\u00f3 Rafa Mart\u00ednez no presenta els papers i la licitaci\u00f3 queda deserta"},"content":{"rendered":"<p>Els residents de Cal Jorba\u00a0que venen de la resid\u00e8ncia vella pagaran el mateix que ho feien abans del canvi. Ho ha explicat la regidora d\u2019acci\u00f3 social, Laura Tarradellas, durant el ple municipal de febrer.<\/p>\n<audio class=\"wp-audio-shortcode\" id=\"audio-13103-1\" preload=\"none\" style=\"width: 100%;\" controls=\"controls\"><source type=\"audio\/mpeg\" src=\"https:\/\/onabages.cat\/wp-content\/uploads\/2022\/02\/090222-PLE-TARRADELLAS-CLAUSULES-26.mp3?_=1\" \/><a href=\"https:\/\/onabages.cat\/wp-content\/uploads\/2022\/02\/090222-PLE-TARRADELLAS-CLAUSULES-26.mp3\">https:\/\/onabages.cat\/wp-content\/uploads\/2022\/02\/090222-PLE-TARRADELLAS-CLAUSULES-26.mp3<\/a><\/audio>\n<p>Durant el ple tamb\u00e9 es va saber que l\u2019empresa que havia de construir l\u2019ampliaci\u00f3 del Pavell\u00f3 Rafa Mart\u00ednez de Santpedor no ha presentat els papers i la licitaci\u00f3 ha acabat quedant deserta.<\/p>\n<p>Solid Building SL va ser l\u2019\u00fanica empresa que s\u2019hi va presentar i no haver donat els papers per comen\u00e7ar l\u2019obra ha acabat deixant sense concession\u00e0ria l\u2019obra. L\u2019empresa ara haur\u00e0 de pagar un 3% del pressupost de la construcci\u00f3, uns 34.000 euros, i se li obrir\u00e0 un expedient a l\u2019Ajuntament. El cas \u00e9s que \u00e9s la mateixa empresa encarregada de fer la segona fase de l\u2019obra de Cal Clarass\u00f3.<\/p>\n<p>El proc\u00e9s de deixar deserta la licitaci\u00f3 i multar l\u2019empresa havia d\u2019aprovar-se en ple i tots els grups van votar-hi a favor. Des de la CUP, Aniol Vila ha lamentat la falta de comprom\u00eds i ironitzava amb la sanci\u00f3 econ\u00f2mica.<\/p>\n<audio class=\"wp-audio-shortcode\" id=\"audio-13103-2\" preload=\"none\" style=\"width: 100%;\" controls=\"controls\"><source type=\"audio\/mpeg\" src=\"https:\/\/onabages.cat\/wp-content\/uploads\/2022\/02\/090222-PLE-VILA-VESTIDOR-20.mp3?_=2\" \/><a href=\"https:\/\/onabages.cat\/wp-content\/uploads\/2022\/02\/090222-PLE-VILA-VESTIDOR-20.mp3\">https:\/\/onabages.cat\/wp-content\/uploads\/2022\/02\/090222-PLE-VILA-VESTIDOR-20.mp3<\/a><\/audio>\n<p>Per part de Progr\u00e9s Municipal, Jasmina Font ha sigut m\u00e9s breu.<\/p>\n<audio class=\"wp-audio-shortcode\" id=\"audio-13103-3\" preload=\"none\" style=\"width: 100%;\" controls=\"controls\"><source type=\"audio\/mpeg\" src=\"https:\/\/onabages.cat\/wp-content\/uploads\/2022\/02\/090222-PLE-FONT-FAVORABLE-10.mp3?_=3\" \/><a href=\"https:\/\/onabages.cat\/wp-content\/uploads\/2022\/02\/090222-PLE-FONT-FAVORABLE-10.mp3\">https:\/\/onabages.cat\/wp-content\/uploads\/2022\/02\/090222-PLE-FONT-FAVORABLE-10.mp3<\/a><\/audio>\n<p>I Xavier Le\u00f3n, de Santpedor en Com\u00fa Podem ha demanat que el temps d\u2019espera fins a la propera licitaci\u00f3 no s\u2019allargui gaire.<\/p>\n<audio class=\"wp-audio-shortcode\" id=\"audio-13103-4\" preload=\"none\" style=\"width: 100%;\" controls=\"controls\"><source type=\"audio\/mpeg\" src=\"https:\/\/onabages.cat\/wp-content\/uploads\/2022\/02\/090222-PLE-LEON-POSSIBLE-19.mp3?_=4\" \/><a href=\"https:\/\/onabages.cat\/wp-content\/uploads\/2022\/02\/090222-PLE-LEON-POSSIBLE-19.mp3\">https:\/\/onabages.cat\/wp-content\/uploads\/2022\/02\/090222-PLE-LEON-POSSIBLE-19.mp3<\/a><\/audio>\n<p>El ple tamb\u00e9 ha aprovat les tarifes de taxi per aquest 2022. La baixada de bandera dels viatges urbans costar\u00e0 2,5 euros les nits i els festius i 2,30 entre setmana. Pel que fa als interurbans 6,20 les nits i els festius i 6,70 entre setmana.<\/p>\n<p>&nbsp;<\/p>\n","protected":false},"excerpt":{"rendered":"<p>Els residents de Cal Jorba\u00a0que venen de la resid\u00e8ncia vella pagaran el mateix que ho feien abans del canvi. Ho ha explicat la regidora d\u2019acci\u00f3 social, Laura Tarradellas, durant el ple municipal de febrer. Durant el ple tamb\u00e9 es va saber que l\u2019empresa que havia de construir l\u2019ampliaci\u00f3 del Pavell\u00f3 Rafa Mart\u00ednez de Santpedor no [&hellip;]<\/p>\n","protected":false},"author":667,"featured_media":3279,"comment_status":"open","ping_status":"closed","sticky":false,"template":"","format":"standard","meta":{"footnotes":""},"categories":[1,3,136],"tags":[],"class_list":{"0":"post-13103","1":"post","2":"type-post","3":"status-publish","4":"format-standard","5":"has-post-thumbnail","7":"category-general","8":"category-noticies","9":"category-politica-i-economia"},"_links":{"self":[{"href":"https:\/\/santpedor.net\/radio\/wp-json\/wp\/v2\/posts\/13103","targetHints":{"allow":["GET"]}}],"collection":[{"href":"https:\/\/santpedor.net\/radio\/wp-json\/wp\/v2\/posts"}],"about":[{"href":"https:\/\/santpedor.net\/radio\/wp-json\/wp\/v2\/types\/post"}],"author":[{"embeddable":true,"href":"https:\/\/santpedor.net\/radio\/wp-json\/wp\/v2\/users\/667"}],"replies":[{"embeddable":true,"href":"https:\/\/santpedor.net\/radio\/wp-json\/wp\/v2\/comments?post=13103"}],"version-history":[{"count":0,"href":"https:\/\/santpedor.net\/radio\/wp-json\/wp\/v2\/posts\/13103\/revisions"}],"wp:featuredmedia":[{"embeddable":true,"href":"https:\/\/santpedor.net\/radio\/wp-json\/wp\/v2\/media\/3279"}],"wp:attachment":[{"href":"https:\/\/santpedor.net\/radio\/wp-json\/wp\/v2\/media?parent=13103"}],"wp:term":[{"taxonomy":"category","embeddable":true,"href":"https:\/\/santpedor.net\/radio\/wp-json\/wp\/v2\/categories?post=13103"},{"taxonomy":"post_tag","embeddable":true,"href":"https:\/\/santpedor.net\/radio\/wp-json\/wp\/v2\/tags?post=13103"}],"curies":[{"name":"wp","href":"https:\/\/api.w.org\/{rel}","templated":true}]}}