{"id":13395,"date":"2022-11-25T13:20:32","date_gmt":"2022-11-25T12:20:32","guid":{"rendered":"https:\/\/santpedor.net\/radio\/?p=13395"},"modified":"2022-11-25T13:56:02","modified_gmt":"2022-11-25T12:56:02","slug":"comenca-la-segona-temporada-democionart-intelligencia-emocional-amb-la-marina-berdalet-andres","status":"publish","type":"post","link":"https:\/\/santpedor.net\/radio\/comenca-la-segona-temporada-democionart-intelligencia-emocional-amb-la-marina-berdalet-andres\/","title":{"rendered":"Comen\u00e7a la segona temporada d&#8217;Emocionart: Intel\u00b7lig\u00e8ncia emocional amb la Marina Berdalet Andr\u00e9s"},"content":{"rendered":"<p>Comen\u00e7a la segona temporada d&#8217;Emocionart: Intel\u00b7lig\u00e8ncia emocional amb la Marina Berdalet Andr\u00e9s.<\/p>\n<p><iframe src=\"https:\/\/www.ivoox.com\/player_es_podcast_1409112_zp_1.html?c1=eb4d41\" width=\"100%\" height=\"400\" frameborder=\"0\" allowfullscreen=\"\" scrolling=\"no\" loading=\"lazy\"><\/iframe><\/p>\n","protected":false},"excerpt":{"rendered":"<p>Comen\u00e7a la segona temporada d&#8217;Emocionart: Intel\u00b7lig\u00e8ncia emocional amb la Marina Berdalet Andr\u00e9s.<\/p>\n","protected":false},"author":674,"featured_media":13396,"comment_status":"open","ping_status":"closed","sticky":false,"template":"","format":"audio","meta":{"footnotes":""},"categories":[1225],"tags":[1230,1227,1229,1228,1231,113],"class_list":{"0":"post-13395","1":"post","2":"type-post","3":"status-publish","4":"format-audio","5":"has-post-thumbnail","7":"category-emocionart","8":"tag-artiemcions","9":"tag-emocionart","10":"tag-inteligenciaemocional","11":"tag-radiosantpedor","12":"tag-rosamarialonsogarcia","13":"tag-santpedor","14":"post_format-post-format-audio"},"_links":{"self":[{"href":"https:\/\/santpedor.net\/radio\/wp-json\/wp\/v2\/posts\/13395","targetHints":{"allow":["GET"]}}],"collection":[{"href":"https:\/\/santpedor.net\/radio\/wp-json\/wp\/v2\/posts"}],"about":[{"href":"https:\/\/santpedor.net\/radio\/wp-json\/wp\/v2\/types\/post"}],"author":[{"embeddable":true,"href":"https:\/\/santpedor.net\/radio\/wp-json\/wp\/v2\/users\/674"}],"replies":[{"embeddable":true,"href":"https:\/\/santpedor.net\/radio\/wp-json\/wp\/v2\/comments?post=13395"}],"version-history":[{"count":0,"href":"https:\/\/santpedor.net\/radio\/wp-json\/wp\/v2\/posts\/13395\/revisions"}],"wp:featuredmedia":[{"embeddable":true,"href":"https:\/\/santpedor.net\/radio\/wp-json\/wp\/v2\/media\/13396"}],"wp:attachment":[{"href":"https:\/\/santpedor.net\/radio\/wp-json\/wp\/v2\/media?parent=13395"}],"wp:term":[{"taxonomy":"category","embeddable":true,"href":"https:\/\/santpedor.net\/radio\/wp-json\/wp\/v2\/categories?post=13395"},{"taxonomy":"post_tag","embeddable":true,"href":"https:\/\/santpedor.net\/radio\/wp-json\/wp\/v2\/tags?post=13395"}],"curies":[{"name":"wp","href":"https:\/\/api.w.org\/{rel}","templated":true}]}}