{"id":13587,"date":"2023-02-08T21:02:32","date_gmt":"2023-02-08T20:02:32","guid":{"rendered":"https:\/\/santpedor.net\/radio\/?p=13587"},"modified":"2023-02-10T14:09:08","modified_gmt":"2023-02-10T13:09:08","slug":"torna-el-busca-raons","status":"publish","type":"post","link":"https:\/\/santpedor.net\/radio\/torna-el-busca-raons\/","title":{"rendered":"Torna El busca-raons"},"content":{"rendered":"<h4>Aquest diumenge es van emetre els tres primers debats de la nova temporada de El busca-raons, el programa que r\u00e0dio Santpedor duu a terme amb l&#8217;institut d&#8217;Auro.<\/h4>\n<p>El programa s&#8217;emetr\u00e0 cada primer diumenge de mes de febrer a juny, i abans de l&#8217;estiu tindr\u00e0 lloc la final entre els millors equips de debat de 4t d&#8217;ESO de l&#8217;institut.<\/p>\n<p>Podeu escoltar el primer programa aqu\u00ed:<\/p>\n<p><iframe frameborder='0' allowfullscreen='' scrolling='no' height='200' style='width:100%;' src='https:\/\/www.ivoox.com\/player_ej_102576087_6_1.html?c1=c4cd62' loading='lazy'><\/p>\n","protected":false},"excerpt":{"rendered":"<p>Aquest diumenge es van emetre els tres primers debats de la nova temporada de El busca-raons, el programa que r\u00e0dio Santpedor duu a terme amb l&#8217;institut d&#8217;Auro. El programa s&#8217;emetr\u00e0 cada primer diumenge de mes de febrer a juny, i abans de l&#8217;estiu tindr\u00e0 lloc la final entre els millors equips de debat de 4t [&hellip;]<\/p>\n","protected":false},"author":5,"featured_media":13581,"comment_status":"open","ping_status":"closed","sticky":false,"template":"","format":"audio","meta":{"footnotes":""},"categories":[1245,1,535],"tags":[],"class_list":{"0":"post-13587","1":"post","2":"type-post","3":"status-publish","4":"format-audio","5":"has-post-thumbnail","7":"category-el-busca-raons","8":"category-general","9":"category-programes","10":"post_format-post-format-audio"},"_links":{"self":[{"href":"https:\/\/santpedor.net\/radio\/wp-json\/wp\/v2\/posts\/13587","targetHints":{"allow":["GET"]}}],"collection":[{"href":"https:\/\/santpedor.net\/radio\/wp-json\/wp\/v2\/posts"}],"about":[{"href":"https:\/\/santpedor.net\/radio\/wp-json\/wp\/v2\/types\/post"}],"author":[{"embeddable":true,"href":"https:\/\/santpedor.net\/radio\/wp-json\/wp\/v2\/users\/5"}],"replies":[{"embeddable":true,"href":"https:\/\/santpedor.net\/radio\/wp-json\/wp\/v2\/comments?post=13587"}],"version-history":[{"count":0,"href":"https:\/\/santpedor.net\/radio\/wp-json\/wp\/v2\/posts\/13587\/revisions"}],"wp:featuredmedia":[{"embeddable":true,"href":"https:\/\/santpedor.net\/radio\/wp-json\/wp\/v2\/media\/13581"}],"wp:attachment":[{"href":"https:\/\/santpedor.net\/radio\/wp-json\/wp\/v2\/media?parent=13587"}],"wp:term":[{"taxonomy":"category","embeddable":true,"href":"https:\/\/santpedor.net\/radio\/wp-json\/wp\/v2\/categories?post=13587"},{"taxonomy":"post_tag","embeddable":true,"href":"https:\/\/santpedor.net\/radio\/wp-json\/wp\/v2\/tags?post=13587"}],"curies":[{"name":"wp","href":"https:\/\/api.w.org\/{rel}","templated":true}]}}