{"id":13769,"date":"2023-05-21T16:56:41","date_gmt":"2023-05-21T14:56:41","guid":{"rendered":"https:\/\/santpedor.net\/radio\/?p=13769"},"modified":"2023-05-21T16:57:39","modified_gmt":"2023-05-21T14:57:39","slug":"debat-electoral-21-05-2023","status":"publish","type":"post","link":"https:\/\/santpedor.net\/radio\/debat-electoral-21-05-2023\/","title":{"rendered":"Debat electoral &#8211; 21\/05\/2023"},"content":{"rendered":"<p>Som a la pla\u00e7a Gran U d\u2019Octubre del poble, a punt de comen\u00e7ar la programaci\u00f3 especial de R\u00e0dio Santpedor amb motiu de les eleccions municipals del 28 de maig. Com cada 4 anys, ja hi tornem a ser aqu\u00ed, sota les voltes de l\u2019Ajuntament. M\u2019acompanyen els cinc candidats que aspiren a convertir-se en l\u2019alcalde del poble. A ocupar a la planta d\u2019aqu\u00ed sobre, que \u00e9s on hi ha el despatx de l\u2019alcaldia. Aquest any, per\u00f2, l\u2019\u00fanic d\u2019aqu\u00ed que repeteix a la cita \u00e9s el moderador. Perqu\u00e8 tots cinc s\u2019estrenen per primer cop com a caps de llista. \u00c9s una dada curiosa, perqu\u00e8 aix\u00f2 NO passava des de l\u2019any 1983. Per si aix\u00f2 hi afegeix emoci\u00f3.<\/p>\n<p><iframe frameborder='0' allowfullscreen='' scrolling='no' height='200' style='width:100%;' src='https:\/\/www.ivoox.com\/player_ej_108657812_6_1.html?c1=c0cd5c' loading='lazy'><\/iframe><\/p>\n","protected":false},"excerpt":{"rendered":"<p>Som a la pla\u00e7a Gran U d\u2019Octubre del poble, a punt de comen\u00e7ar la programaci\u00f3 especial de R\u00e0dio Santpedor amb motiu de les eleccions municipals del 28 de maig. Com cada 4 anys, ja hi tornem a ser aqu\u00ed, sota les voltes de l\u2019Ajuntament. M\u2019acompanyen els cinc candidats que aspiren a convertir-se en l\u2019alcalde del [&hellip;]<\/p>\n","protected":false},"author":1,"featured_media":13770,"comment_status":"open","ping_status":"closed","sticky":false,"template":"","format":"audio","meta":{"footnotes":""},"categories":[1261],"tags":[],"class_list":{"0":"post-13769","1":"post","2":"type-post","3":"status-publish","4":"format-audio","5":"has-post-thumbnail","7":"category-eleccions-28m","8":"post_format-post-format-audio"},"_links":{"self":[{"href":"https:\/\/santpedor.net\/radio\/wp-json\/wp\/v2\/posts\/13769","targetHints":{"allow":["GET"]}}],"collection":[{"href":"https:\/\/santpedor.net\/radio\/wp-json\/wp\/v2\/posts"}],"about":[{"href":"https:\/\/santpedor.net\/radio\/wp-json\/wp\/v2\/types\/post"}],"author":[{"embeddable":true,"href":"https:\/\/santpedor.net\/radio\/wp-json\/wp\/v2\/users\/1"}],"replies":[{"embeddable":true,"href":"https:\/\/santpedor.net\/radio\/wp-json\/wp\/v2\/comments?post=13769"}],"version-history":[{"count":0,"href":"https:\/\/santpedor.net\/radio\/wp-json\/wp\/v2\/posts\/13769\/revisions"}],"wp:featuredmedia":[{"embeddable":true,"href":"https:\/\/santpedor.net\/radio\/wp-json\/wp\/v2\/media\/13770"}],"wp:attachment":[{"href":"https:\/\/santpedor.net\/radio\/wp-json\/wp\/v2\/media?parent=13769"}],"wp:term":[{"taxonomy":"category","embeddable":true,"href":"https:\/\/santpedor.net\/radio\/wp-json\/wp\/v2\/categories?post=13769"},{"taxonomy":"post_tag","embeddable":true,"href":"https:\/\/santpedor.net\/radio\/wp-json\/wp\/v2\/tags?post=13769"}],"curies":[{"name":"wp","href":"https:\/\/api.w.org\/{rel}","templated":true}]}}