{"id":13885,"date":"2023-09-06T14:06:53","date_gmt":"2023-09-06T12:06:53","guid":{"rendered":"https:\/\/santpedor.net\/radio\/?p=13885"},"modified":"2023-09-06T14:07:33","modified_gmt":"2023-09-06T12:07:33","slug":"tercera-temporada-del-programa-on-les-emocions-i-lart-son-les-protagonistes-emocionart","status":"publish","type":"post","link":"https:\/\/santpedor.net\/radio\/tercera-temporada-del-programa-on-les-emocions-i-lart-son-les-protagonistes-emocionart\/","title":{"rendered":"Tercera temporada del programa on les emocions i l&#8217;art s\u00f3n les protagonistes! Emocion&#8217;art!!!"},"content":{"rendered":"<p>El 22 d&#8217;octubre comen\u00e7a la tercera temporada del programa on les emocions i l&#8217;art s\u00f3n les protagonistes! Emocion&#8217;art!!!<br \/>\nCompartirem un espai p\u00fablic on el l\u00edmit s\u00f3n les vostres paraules i pensaments!<\/p>\n<p>Forma-hi part al bloc de l&#8217;entrevista. Parlem?!<\/p>\n<p><iframe frameborder='0' allowfullscreen='' scrolling='no' height='200' style='width:100%;' src='https:\/\/www.ivoox.com\/player_ej_115578885_6_1.html?c1=dd262a' loading='lazy'><\/iframe><\/p>\n","protected":false},"excerpt":{"rendered":"<p>El 22 d&#8217;octubre comen\u00e7a la tercera temporada del programa on les emocions i l&#8217;art s\u00f3n les protagonistes! Emocion&#8217;art!!! Compartirem un espai p\u00fablic on el l\u00edmit s\u00f3n les vostres paraules i pensaments! Forma-hi part al bloc de l&#8217;entrevista. Parlem?!<\/p>\n","protected":false},"author":674,"featured_media":13886,"comment_status":"open","ping_status":"closed","sticky":false,"template":"","format":"audio","meta":{"footnotes":""},"categories":[1],"tags":[1258,1227,1259,39],"class_list":{"0":"post-13885","1":"post","2":"type-post","3":"status-publish","4":"format-audio","5":"has-post-thumbnail","7":"category-general","8":"tag-art-i-emocions-emocionart","9":"tag-emocionart","10":"tag-emocionart-radio-santpedor","11":"tag-radio-santpedor","12":"post_format-post-format-audio"},"_links":{"self":[{"href":"https:\/\/santpedor.net\/radio\/wp-json\/wp\/v2\/posts\/13885","targetHints":{"allow":["GET"]}}],"collection":[{"href":"https:\/\/santpedor.net\/radio\/wp-json\/wp\/v2\/posts"}],"about":[{"href":"https:\/\/santpedor.net\/radio\/wp-json\/wp\/v2\/types\/post"}],"author":[{"embeddable":true,"href":"https:\/\/santpedor.net\/radio\/wp-json\/wp\/v2\/users\/674"}],"replies":[{"embeddable":true,"href":"https:\/\/santpedor.net\/radio\/wp-json\/wp\/v2\/comments?post=13885"}],"version-history":[{"count":0,"href":"https:\/\/santpedor.net\/radio\/wp-json\/wp\/v2\/posts\/13885\/revisions"}],"wp:featuredmedia":[{"embeddable":true,"href":"https:\/\/santpedor.net\/radio\/wp-json\/wp\/v2\/media\/13886"}],"wp:attachment":[{"href":"https:\/\/santpedor.net\/radio\/wp-json\/wp\/v2\/media?parent=13885"}],"wp:term":[{"taxonomy":"category","embeddable":true,"href":"https:\/\/santpedor.net\/radio\/wp-json\/wp\/v2\/categories?post=13885"},{"taxonomy":"post_tag","embeddable":true,"href":"https:\/\/santpedor.net\/radio\/wp-json\/wp\/v2\/tags?post=13885"}],"curies":[{"name":"wp","href":"https:\/\/api.w.org\/{rel}","templated":true}]}}