{"id":13951,"date":"2023-10-28T12:54:37","date_gmt":"2023-10-28T10:54:37","guid":{"rendered":"https:\/\/santpedor.net\/radio\/?p=13951"},"modified":"2023-10-28T12:54:37","modified_gmt":"2023-10-28T10:54:37","slug":"3a-temporada-democionart-primera-emissio-amb-lolga-mampel-de-la-familia","status":"publish","type":"post","link":"https:\/\/santpedor.net\/radio\/3a-temporada-democionart-primera-emissio-amb-lolga-mampel-de-la-familia\/","title":{"rendered":"3a temporada d&#8217;Emocion&#8217;art: primera emissi\u00f3 amb l&#8217;Olga Mampel, de la fam\u00edlia!"},"content":{"rendered":"<p>3a temporada d&#8217;Emocion&#8217;art: primera emissi\u00f3 amb l&#8217;Olga Mampel, de la fam\u00edlia!<\/p>\n<p><iframe frameborder='0' allowfullscreen='' scrolling='no' height='200' style='width:100%;' src='https:\/\/www.ivoox.com\/player_ej_118540695_6_1.html?c1=dd262a' loading='lazy'><\/iframe><\/p>\n","protected":false},"excerpt":{"rendered":"<p>3a temporada d&#8217;Emocion&#8217;art: primera emissi\u00f3 amb l&#8217;Olga Mampel, de la fam\u00edlia!<\/p>\n","protected":false},"author":674,"featured_media":13952,"comment_status":"open","ping_status":"closed","sticky":false,"template":"","format":"audio","meta":{"footnotes":""},"categories":[1225,1],"tags":[1258,1259,1228,113],"class_list":{"0":"post-13951","1":"post","2":"type-post","3":"status-publish","4":"format-audio","5":"has-post-thumbnail","7":"category-emocionart","8":"category-general","9":"tag-art-i-emocions-emocionart","10":"tag-emocionart-radio-santpedor","11":"tag-radiosantpedor","12":"tag-santpedor","13":"post_format-post-format-audio"},"_links":{"self":[{"href":"https:\/\/santpedor.net\/radio\/wp-json\/wp\/v2\/posts\/13951","targetHints":{"allow":["GET"]}}],"collection":[{"href":"https:\/\/santpedor.net\/radio\/wp-json\/wp\/v2\/posts"}],"about":[{"href":"https:\/\/santpedor.net\/radio\/wp-json\/wp\/v2\/types\/post"}],"author":[{"embeddable":true,"href":"https:\/\/santpedor.net\/radio\/wp-json\/wp\/v2\/users\/674"}],"replies":[{"embeddable":true,"href":"https:\/\/santpedor.net\/radio\/wp-json\/wp\/v2\/comments?post=13951"}],"version-history":[{"count":0,"href":"https:\/\/santpedor.net\/radio\/wp-json\/wp\/v2\/posts\/13951\/revisions"}],"wp:featuredmedia":[{"embeddable":true,"href":"https:\/\/santpedor.net\/radio\/wp-json\/wp\/v2\/media\/13952"}],"wp:attachment":[{"href":"https:\/\/santpedor.net\/radio\/wp-json\/wp\/v2\/media?parent=13951"}],"wp:term":[{"taxonomy":"category","embeddable":true,"href":"https:\/\/santpedor.net\/radio\/wp-json\/wp\/v2\/categories?post=13951"},{"taxonomy":"post_tag","embeddable":true,"href":"https:\/\/santpedor.net\/radio\/wp-json\/wp\/v2\/tags?post=13951"}],"curies":[{"name":"wp","href":"https:\/\/api.w.org\/{rel}","templated":true}]}}