{"id":14129,"date":"2024-03-21T11:06:59","date_gmt":"2024-03-21T10:06:59","guid":{"rendered":"https:\/\/santpedor.net\/radio\/?p=14129"},"modified":"2024-03-21T11:06:59","modified_gmt":"2024-03-21T10:06:59","slug":"augmenten-un-85-les-victimes-per-violencia-de-genere-a-catalunya-i-un-84-les-denuncies","status":"publish","type":"post","link":"https:\/\/santpedor.net\/radio\/augmenten-un-85-les-victimes-per-violencia-de-genere-a-catalunya-i-un-84-les-denuncies\/","title":{"rendered":"Augmenten un 8,5% les v\u00edctimes per viol\u00e8ncia de g\u00e8nere a Catalunya i un 8,4% les den\u00fancies"},"content":{"rendered":"<p class=\"project-body_intro__QY0Oz\">El nombre de denuncies i de v\u00edctimes de viol\u00e8ncia de g\u00e8nere ha tornat a augmentar a Catalunya. El 2023 els jutjats de viol\u00e8ncia contra la dona van rebre 24.950 den\u00fancies en aquest sentit, el que suposa un 8,4% m\u00e9s que el 2022, quan se&#8217;n van registrar 23.021. Aix\u00ed es despr\u00e8n de les dades de l&#8217;Observatori contra la Viol\u00e8ncia Dom\u00e8stica i de G\u00e8nere del Consell General del Poder Judicial. Pel que fa a les v\u00edctimes, la xifra ha ascendit a 24.672, el que suposa un increment del 8,4% en relaci\u00f3 amb l&#8217;exercici anterior (22.738). A m\u00e9s, han augmentat un 10,7% les sent\u00e8ncies dictades amb menors implicats: 28 el 2022 i 31 el 2023. A Catalunya, la taxa de dones afectades \u00e9s de 61,5 per cada 10.000, per sota de les 79,4 que marca la mitjana espanyola.<\/p>\n<div class=\"project-body_body__x9Wg3\">\n<p>D\u2019acord amb el document que l\u2019Observatori ha donat a con\u00e8ixer aquest dimecres, el 43,1% de les 24.672 v\u00edctimes comptabilitzades el 2023 pels jutjats de VIDO a Catalunya s\u00f3n\u00a0estrangeres. Aquesta dada \u00e9s similar a la de l\u2019any 2022, quan aquest percentatge va ser del 42,8%. Aix\u00ed, 14.034 de les afectades han estat dones espanyoles i 10.637 d\u2019altres nacionalitats. A banda, l\u2019informe tamb\u00e9 ha revelat que 44 de les v\u00edctimes han estat menors espanyoles i 17 menors estrangeres.<\/p>\n<p>Per altra banda, el 2023 s\u2019han incoat 6.017 ordres de protecci\u00f3, el que suposa un 10,3% m\u00e9s que el 2022 (5.454). D\u2019aquestes, un total de 2.858 s\u2019han adoptat, un 12% m\u00e9s que l\u2019exercici anterior, quan se\u2019n van materialitzar 2.552. Paral\u00b7lelament, 3.129 han acabat denegant-se.<\/p>\n<p>Pel que fa a les sent\u00e8ncies condemnat\u00f2ries dictades, l\u2019Observatori ha apuntat que han crescut un 15%, passant de 1.782 l\u2019any 2022 a 2.049 el 2023. Aquestes han representat el 89,8% del total. Al mateix temps, han augmentat un 21,7% les sentencies absolut\u00f2ries, que han passat de 203 a 247.<\/p>\n<p>Per altra banda, tamb\u00e9 ha crescut un 10,7% la xifra de sent\u00e8ncies per aquesta mena de delictes amb menors implicats, que han passat de 28 a 31.<\/p>\n<p>A Catalunya la taxa de v\u00edctimes de viol\u00e8ncia de g\u00e8nere per cada 10.000 dones ha tornat a ser de 61,5. Un cop m\u00e9s, aquesta dada se situa for\u00e7a per sota de la taxa espanyola, que el 2023 ha estat de 79,4.<\/p>\n<\/div>\n","protected":false},"excerpt":{"rendered":"<p>El nombre de denuncies i de v\u00edctimes de viol\u00e8ncia de g\u00e8nere ha tornat a augmentar a Catalunya. El 2023 els jutjats de viol\u00e8ncia contra la dona van rebre 24.950 den\u00fancies en aquest sentit, el que suposa un 8,4% m\u00e9s que el 2022, quan se&#8217;n van registrar 23.021. Aix\u00ed es despr\u00e8n de les dades de l&#8217;Observatori [&hellip;]<\/p>\n","protected":false},"author":671,"featured_media":13981,"comment_status":"open","ping_status":"closed","sticky":false,"template":"","format":"standard","meta":{"footnotes":""},"categories":[137],"tags":[],"class_list":{"0":"post-14129","1":"post","2":"type-post","3":"status-publish","4":"format-standard","5":"has-post-thumbnail","7":"category-societat"},"_links":{"self":[{"href":"https:\/\/santpedor.net\/radio\/wp-json\/wp\/v2\/posts\/14129","targetHints":{"allow":["GET"]}}],"collection":[{"href":"https:\/\/santpedor.net\/radio\/wp-json\/wp\/v2\/posts"}],"about":[{"href":"https:\/\/santpedor.net\/radio\/wp-json\/wp\/v2\/types\/post"}],"author":[{"embeddable":true,"href":"https:\/\/santpedor.net\/radio\/wp-json\/wp\/v2\/users\/671"}],"replies":[{"embeddable":true,"href":"https:\/\/santpedor.net\/radio\/wp-json\/wp\/v2\/comments?post=14129"}],"version-history":[{"count":0,"href":"https:\/\/santpedor.net\/radio\/wp-json\/wp\/v2\/posts\/14129\/revisions"}],"wp:featuredmedia":[{"embeddable":true,"href":"https:\/\/santpedor.net\/radio\/wp-json\/wp\/v2\/media\/13981"}],"wp:attachment":[{"href":"https:\/\/santpedor.net\/radio\/wp-json\/wp\/v2\/media?parent=14129"}],"wp:term":[{"taxonomy":"category","embeddable":true,"href":"https:\/\/santpedor.net\/radio\/wp-json\/wp\/v2\/categories?post=14129"},{"taxonomy":"post_tag","embeddable":true,"href":"https:\/\/santpedor.net\/radio\/wp-json\/wp\/v2\/tags?post=14129"}],"curies":[{"name":"wp","href":"https:\/\/api.w.org\/{rel}","templated":true}]}}