{"id":14160,"date":"2024-04-19T17:41:19","date_gmt":"2024-04-19T15:41:19","guid":{"rendered":"https:\/\/santpedor.net\/radio\/?p=14160"},"modified":"2024-04-19T17:41:19","modified_gmt":"2024-04-19T15:41:19","slug":"linformatiu-de-radio-santpedor-19-04-2024","status":"publish","type":"post","link":"https:\/\/santpedor.net\/radio\/linformatiu-de-radio-santpedor-19-04-2024\/","title":{"rendered":"L&#8217;informatiu de R\u00e0dio Santpedor 19\/04\/2024"},"content":{"rendered":"<p>Avui a l&#8217;informatiu parlarem de que l\u2019Ag\u00e8ncia de l\u2019Habitatge ha obert el termini per sol\u00b7licitar subvencions al pagament de lloguer per a persones d&#8217;entre 36 i 64 anys.<span class=\"Apple-converted-space\">\u00a0<\/span><\/p>\n<p>Tamb\u00e9, que el Casal de Joves del Lokal de la Vila de Santpedor organitza un concert gratu\u00eft amb DJ Arzzett pel pr\u00f2xim dissabte 20 d&#8217;abril. Ser\u00e0 al Camp de Futbol Vell, a partir de les 22 h.<\/p>\n<p>Passarem la cr\u00f2nica de que Santpedor acollia dissabte passat la II Trobada de Penyes Barcelonistes dels Pa\u00efsos Catalans.<span class=\"Apple-converted-space\">\u00a0<\/span><\/p>\n<p>Avui tamb\u00e9 expliquem que S\u2019obre la convocat\u00f2ria per participar en el concurs de cartells de la Festa Major 2024. en un moment veiem com pots participar.<span class=\"Apple-converted-space\">\u00a0<\/span><\/p>\n<p>I Santpedor celebrar\u00e0 la diada de Sant Jordi amb venda de roses i mercat de llibres pels carrers i places de Santpedor a c\u00e0rrec de les entitats, associacions, comer\u00e7os i centres educatius del poble.<span class=\"Apple-converted-space\">\u00a0<\/span><\/p>\n<p><iframe style=\"width: 100%;\" src=\"https:\/\/www.ivoox.com\/player_ej_127767516_6_1.html?c1=c7d35c\" height=\"200\" frameborder=\"0\" scrolling=\"no\" allowfullscreen=\"allowfullscreen\"><\/iframe><\/p>\n","protected":false},"excerpt":{"rendered":"<p>Avui a l&#8217;informatiu parlarem de que l\u2019Ag\u00e8ncia de l\u2019Habitatge ha obert el termini per sol\u00b7licitar subvencions al pagament de lloguer per a persones d&#8217;entre 36 i 64 anys.\u00a0 Tamb\u00e9, que el Casal de Joves del Lokal de la Vila de Santpedor organitza un concert gratu\u00eft amb DJ Arzzett pel pr\u00f2xim dissabte 20 d&#8217;abril. Ser\u00e0 al [&hellip;]<\/p>\n","protected":false},"author":671,"featured_media":13512,"comment_status":"open","ping_status":"closed","sticky":false,"template":"","format":"audio","meta":{"footnotes":""},"categories":[1237],"tags":[],"class_list":{"0":"post-14160","1":"post","2":"type-post","3":"status-publish","4":"format-audio","5":"has-post-thumbnail","7":"category-informatiu","8":"post_format-post-format-audio"},"_links":{"self":[{"href":"https:\/\/santpedor.net\/radio\/wp-json\/wp\/v2\/posts\/14160","targetHints":{"allow":["GET"]}}],"collection":[{"href":"https:\/\/santpedor.net\/radio\/wp-json\/wp\/v2\/posts"}],"about":[{"href":"https:\/\/santpedor.net\/radio\/wp-json\/wp\/v2\/types\/post"}],"author":[{"embeddable":true,"href":"https:\/\/santpedor.net\/radio\/wp-json\/wp\/v2\/users\/671"}],"replies":[{"embeddable":true,"href":"https:\/\/santpedor.net\/radio\/wp-json\/wp\/v2\/comments?post=14160"}],"version-history":[{"count":0,"href":"https:\/\/santpedor.net\/radio\/wp-json\/wp\/v2\/posts\/14160\/revisions"}],"wp:featuredmedia":[{"embeddable":true,"href":"https:\/\/santpedor.net\/radio\/wp-json\/wp\/v2\/media\/13512"}],"wp:attachment":[{"href":"https:\/\/santpedor.net\/radio\/wp-json\/wp\/v2\/media?parent=14160"}],"wp:term":[{"taxonomy":"category","embeddable":true,"href":"https:\/\/santpedor.net\/radio\/wp-json\/wp\/v2\/categories?post=14160"},{"taxonomy":"post_tag","embeddable":true,"href":"https:\/\/santpedor.net\/radio\/wp-json\/wp\/v2\/tags?post=14160"}],"curies":[{"name":"wp","href":"https:\/\/api.w.org\/{rel}","templated":true}]}}