{"id":14572,"date":"2025-01-31T12:29:48","date_gmt":"2025-01-31T11:29:48","guid":{"rendered":"https:\/\/santpedor.net\/radio\/?p=14572"},"modified":"2025-01-31T12:29:48","modified_gmt":"2025-01-31T11:29:48","slug":"ampans-ofereix-informacio-de-diferents-formacions-tic-nomes-adrecades-a-dones-que-simpartiran-de-febrer-a-abril-de-2025","status":"publish","type":"post","link":"https:\/\/santpedor.net\/radio\/ampans-ofereix-informacio-de-diferents-formacions-tic-nomes-adrecades-a-dones-que-simpartiran-de-febrer-a-abril-de-2025\/","title":{"rendered":"Ampans ofereix informaci\u00f3 de diferents formacions TIC (nom\u00e9s adre\u00e7ades a dones) que s&#8217;impartiran de febrer a abril de 2025"},"content":{"rendered":"<p>Ampans ofereix informaci\u00f3 de diferents formacions TIC (nom\u00e9s adre\u00e7ades a dones) que s&#8217;impartiran de febrer a abril de 2025.<\/p>\n<p>La formaci\u00f3 \u00e9s la seg\u00fcent:<\/p>\n<p> FULLS DE C\u00c0LCUL &#8211; B\u00c0SIC<br \/>\n 4-14 febrer de 2025<br \/>\n de 15:00 a 20:00<br \/>\nC\/Barcelona 21 \u2013 MANRESA<\/p>\n<p> EDICI\u00d3 DE TEXTOS I CIBERSEGURETAT<br \/>\n 4-14 mar\u00e7 de 2025<br \/>\n de 15:00 a 20:00<br \/>\nC\/Sant Rafael 4 \u2013 MANRESA<\/p>\n<p>\ufe0f DISSENY DE COMER\u00c7OS ELECTR\u00d2NICS<br \/>\n 17-28 mar\u00e7 de 2025<br \/>\n de 15:00 a 20:00<br \/>\nC\/Barcelona 21 \u2013 MANRESA<\/p>\n<p><strong>Cursos per a dones amb certificat de discapacitat o incapacitat laboral:<\/strong><\/p>\n<p> INICIACI\u00d3 A LA CREACI\u00d3 DE TEXTOS<br \/>\n 17-28 febrer de 2025<br \/>\n de 15:00 a 20:00<br \/>\nC\/Sant Rafael 4 \u2013 MANRESA<\/p>\n<p> INICIACI\u00d3 AL TREBALL AMB FULLS DE C\u00c0LCUL<br \/>\n 1-11 abril de 2025<br \/>\n de 15:00 a 20:00<br \/>\nC\/Sant Rafael 4 \u2013 MANRESA<\/p>\n<p>\ufe0f DISSENY DE COMER\u00c7OS ELECTR\u00d2NICS<br \/>\n 22-30 abril de 2025<br \/>\n de 15:00 a 20:00<br \/>\nC\/Sant Rafael 4 \u2013 MANRESA<\/p>\n<p> Per inscriure\u2019t o sol\u00b7licitar m\u00e9s informaci\u00f3, contacta a:<br \/>\n\u2022 Tel\u00e8fon: 683 264 904<br \/>\n\u2022  Correu electr\u00f2nic: formacio@ampans.cat<\/p>\n","protected":false},"excerpt":{"rendered":"<p>Ampans ofereix informaci\u00f3 de diferents formacions TIC (nom\u00e9s adre\u00e7ades a dones) que s&#8217;impartiran de febrer a abril de 2025. La formaci\u00f3 \u00e9s la seg\u00fcent: FULLS DE C\u00c0LCUL &#8211; B\u00c0SIC 4-14 febrer de 2025 de 15:00 a 20:00 C\/Barcelona 21 \u2013 MANRESA EDICI\u00d3 DE TEXTOS I CIBERSEGURETAT 4-14 mar\u00e7 de 2025 de 15:00 a 20:00 C\/Sant [&hellip;]<\/p>\n","protected":false},"author":671,"featured_media":14573,"comment_status":"open","ping_status":"closed","sticky":false,"template":"","format":"standard","meta":{"footnotes":""},"categories":[1223],"tags":[],"class_list":{"0":"post-14572","1":"post","2":"type-post","3":"status-publish","4":"format-standard","5":"has-post-thumbnail","7":"category-educacio"},"_links":{"self":[{"href":"https:\/\/santpedor.net\/radio\/wp-json\/wp\/v2\/posts\/14572","targetHints":{"allow":["GET"]}}],"collection":[{"href":"https:\/\/santpedor.net\/radio\/wp-json\/wp\/v2\/posts"}],"about":[{"href":"https:\/\/santpedor.net\/radio\/wp-json\/wp\/v2\/types\/post"}],"author":[{"embeddable":true,"href":"https:\/\/santpedor.net\/radio\/wp-json\/wp\/v2\/users\/671"}],"replies":[{"embeddable":true,"href":"https:\/\/santpedor.net\/radio\/wp-json\/wp\/v2\/comments?post=14572"}],"version-history":[{"count":0,"href":"https:\/\/santpedor.net\/radio\/wp-json\/wp\/v2\/posts\/14572\/revisions"}],"wp:featuredmedia":[{"embeddable":true,"href":"https:\/\/santpedor.net\/radio\/wp-json\/wp\/v2\/media\/14573"}],"wp:attachment":[{"href":"https:\/\/santpedor.net\/radio\/wp-json\/wp\/v2\/media?parent=14572"}],"wp:term":[{"taxonomy":"category","embeddable":true,"href":"https:\/\/santpedor.net\/radio\/wp-json\/wp\/v2\/categories?post=14572"},{"taxonomy":"post_tag","embeddable":true,"href":"https:\/\/santpedor.net\/radio\/wp-json\/wp\/v2\/tags?post=14572"}],"curies":[{"name":"wp","href":"https:\/\/api.w.org\/{rel}","templated":true}]}}