{"id":14618,"date":"2025-02-21T13:06:45","date_gmt":"2025-02-21T12:06:45","guid":{"rendered":"https:\/\/santpedor.net\/radio\/?p=14618"},"modified":"2025-02-21T13:06:45","modified_gmt":"2025-02-21T12:06:45","slug":"lajuntament-inicia-els-treballs-previs-per-fer-efectiva-la-consulta-no-referendaria-sobre-el-nou-cap","status":"publish","type":"post","link":"https:\/\/santpedor.net\/radio\/lajuntament-inicia-els-treballs-previs-per-fer-efectiva-la-consulta-no-referendaria-sobre-el-nou-cap\/","title":{"rendered":"L&#8217;Ajuntament inicia els treballs previs per fer efectiva la consulta no referend\u00e0ria sobre el Nou CAP"},"content":{"rendered":"<p>L&#8217;Ajuntament ha iniciat els<strong> treballs\u00a0previs per fer efectiva la consulta no referend\u00e0ria sobre el Nou CAP<\/strong> amb la seg\u00fcent pregunta:\u00a0<em>Est\u00e0s d&#8217;acord que Santpedor necessita un\u00a0CAP en un sol edifici que cobreixi les necessitats com \u00c0rea B\u00e0sica de Salut que som?<\/em><br \/>\nI amb les opcions de resposta de S\u00ed \/ No.<\/p>\n<p>Despr\u00e9s de la <strong>validaci\u00f3 de les signatures <\/strong>presentades per la iniciativa popular, ja s&#8217;ha <strong>convocat a la comissi\u00f3 de treball a la primera sessi\u00f3<\/strong> per tal de redactar les bases per a la celebraci\u00f3 d\u2019un proc\u00e9s participatiu en forma de consulta no referend\u00e0ria als ve\u00efns i ve\u00efnes de Santpedor.<br \/>\nS\u2019han comptabilitzat un total de 934 signatures, de les quals 790\u00a0han superat el proc\u00e9s de validaci\u00f3 i es consideren v\u00e0lides i 144 es consideren nul\u00b7les.<\/p>\n<p>Aquesta recollida de signatures promoguda per la ciutadania permet con\u00e8ixer quin \u00e9s el parer de la majoria de santpedorencs i santpedorenques, perqu\u00e8\u00a0lliurement manifestin la seva opini\u00f3 que reflecteixi l\u2019expressi\u00f3 majorit\u00e0ria de la voluntat popular. Malgrat que, per prescripci\u00f3 legal, les consultes no tenen car\u00e0cter vinculant.<\/p>\n<p>Aix\u00ed mateix, i en sessi\u00f3 ordin\u00e0ria del Ple de la Corporaci\u00f3 de data 12 de novembre de 2024 es va aprovar per unanimitat la<strong> moci\u00f3 per demanar que el nou Centre d&#8217;Atenci\u00f3 Prim\u00e0ria (CAP) sigui en un sol edifici i cobreixi les necessitats de la nova \u00c0rea B\u00e0sica de Salut de Santpedor<\/strong>,\u00a0en la que s\u2019insta al Govern de la Generalitat de Catalunya i al Departament de Salut, que amb la m\u00e0xima celeritat possible inici\u00efn els tr\u00e0mits per la construcci\u00f3 del nou CAP per la nova \u00c0rea B\u00e0sica de Salut Santpedor.<\/p>\n","protected":false},"excerpt":{"rendered":"<p>L&#8217;Ajuntament ha iniciat els treballs\u00a0previs per fer efectiva la consulta no referend\u00e0ria sobre el Nou CAP amb la seg\u00fcent pregunta:\u00a0Est\u00e0s d&#8217;acord que Santpedor necessita un\u00a0CAP en un sol edifici que cobreixi les necessitats com \u00c0rea B\u00e0sica de Salut que som? I amb les opcions de resposta de S\u00ed \/ No. Despr\u00e9s de la validaci\u00f3 de [&hellip;]<\/p>\n","protected":false},"author":671,"featured_media":14619,"comment_status":"open","ping_status":"closed","sticky":false,"template":"","format":"standard","meta":{"footnotes":""},"categories":[136,1224],"tags":[],"class_list":{"0":"post-14618","1":"post","2":"type-post","3":"status-publish","4":"format-standard","5":"has-post-thumbnail","7":"category-politica-i-economia","8":"category-sanitat"},"_links":{"self":[{"href":"https:\/\/santpedor.net\/radio\/wp-json\/wp\/v2\/posts\/14618","targetHints":{"allow":["GET"]}}],"collection":[{"href":"https:\/\/santpedor.net\/radio\/wp-json\/wp\/v2\/posts"}],"about":[{"href":"https:\/\/santpedor.net\/radio\/wp-json\/wp\/v2\/types\/post"}],"author":[{"embeddable":true,"href":"https:\/\/santpedor.net\/radio\/wp-json\/wp\/v2\/users\/671"}],"replies":[{"embeddable":true,"href":"https:\/\/santpedor.net\/radio\/wp-json\/wp\/v2\/comments?post=14618"}],"version-history":[{"count":0,"href":"https:\/\/santpedor.net\/radio\/wp-json\/wp\/v2\/posts\/14618\/revisions"}],"wp:featuredmedia":[{"embeddable":true,"href":"https:\/\/santpedor.net\/radio\/wp-json\/wp\/v2\/media\/14619"}],"wp:attachment":[{"href":"https:\/\/santpedor.net\/radio\/wp-json\/wp\/v2\/media?parent=14618"}],"wp:term":[{"taxonomy":"category","embeddable":true,"href":"https:\/\/santpedor.net\/radio\/wp-json\/wp\/v2\/categories?post=14618"},{"taxonomy":"post_tag","embeddable":true,"href":"https:\/\/santpedor.net\/radio\/wp-json\/wp\/v2\/tags?post=14618"}],"curies":[{"name":"wp","href":"https:\/\/api.w.org\/{rel}","templated":true}]}}