{"id":14719,"date":"2025-04-17T15:52:22","date_gmt":"2025-04-17T13:52:22","guid":{"rendered":"https:\/\/santpedor.net\/radio\/?p=14719"},"modified":"2025-04-17T15:52:22","modified_gmt":"2025-04-17T13:52:22","slug":"santpedor-programa-la-xerrada-i-presentacio-disbarats-emocionals-ja-nhi-ha-prou","status":"publish","type":"post","link":"https:\/\/santpedor.net\/radio\/santpedor-programa-la-xerrada-i-presentacio-disbarats-emocionals-ja-nhi-ha-prou\/","title":{"rendered":"Santpedor programa la xerrada i presentaci\u00f3 &#8220;Disbarats emocionals, ja n&#8217;hi ha prou!&#8221;"},"content":{"rendered":"<p>Santpedor organitza la xerrada i presentaci\u00f3 &#8220;<strong>Disbarats emocionals, ja n&#8217;hi ha prou!<\/strong>&#8221; amb la pedagoga i escriptora Eva Bach Cobacho.<br \/>\nLa regidoria de Drets Socials programa l&#8217;acte amb motiu del Dia Internacional contra el Maltractament Infantil, en un acte condu\u00eft per la periodista Aina Font Torra.<\/p>\n<p>Ser\u00e0 el <strong>divendres 25 d&#8217;abril a les 19 h a l&#8217;Auditori del Convent de Sant Francesc coincidint amb el Dia Internacional.<\/strong><\/p>\n<p>Durant l&#8217;acte, es parlar\u00e0 de la import\u00e0ncia de l&#8217;educaci\u00f3 emocional en la prevenci\u00f3 i el creixement emocional sa dels infants i adolescents.<\/p>\n<p><strong>Eva Bach Cobacho <\/strong>\u00e9s<strong>\u00a0<\/strong>pedagoga i escriptora. Llicenciada en Ci\u00e8ncies de l\u2019Educaci\u00f3 per la UB. Pedagoga, mestra, escriptora, conferenciant, formadora de formadors, orientadora familiar, professora de m\u00e0sters i postgraus universitaris, mare de dos fills i \u00e0via d\u2019una nena. Ha estat escollida pel COPEC (Col\u00b7legi Oficial de Pedagogia de Catalunya) com una de <strong>les 10 pedagogues referents del segle XX-XXI.<\/strong><\/p>\n","protected":false},"excerpt":{"rendered":"<p>Santpedor organitza la xerrada i presentaci\u00f3 &#8220;Disbarats emocionals, ja n&#8217;hi ha prou!&#8221; amb la pedagoga i escriptora Eva Bach Cobacho. La regidoria de Drets Socials programa l&#8217;acte amb motiu del Dia Internacional contra el Maltractament Infantil, en un acte condu\u00eft per la periodista Aina Font Torra. Ser\u00e0 el divendres 25 d&#8217;abril a les 19 h [&hellip;]<\/p>\n","protected":false},"author":671,"featured_media":14720,"comment_status":"open","ping_status":"closed","sticky":false,"template":"","format":"standard","meta":{"footnotes":""},"categories":[236,1224],"tags":[],"class_list":{"0":"post-14719","1":"post","2":"type-post","3":"status-publish","4":"format-standard","5":"has-post-thumbnail","7":"category-entitats-i-cultura","8":"category-sanitat"},"_links":{"self":[{"href":"https:\/\/santpedor.net\/radio\/wp-json\/wp\/v2\/posts\/14719","targetHints":{"allow":["GET"]}}],"collection":[{"href":"https:\/\/santpedor.net\/radio\/wp-json\/wp\/v2\/posts"}],"about":[{"href":"https:\/\/santpedor.net\/radio\/wp-json\/wp\/v2\/types\/post"}],"author":[{"embeddable":true,"href":"https:\/\/santpedor.net\/radio\/wp-json\/wp\/v2\/users\/671"}],"replies":[{"embeddable":true,"href":"https:\/\/santpedor.net\/radio\/wp-json\/wp\/v2\/comments?post=14719"}],"version-history":[{"count":0,"href":"https:\/\/santpedor.net\/radio\/wp-json\/wp\/v2\/posts\/14719\/revisions"}],"wp:featuredmedia":[{"embeddable":true,"href":"https:\/\/santpedor.net\/radio\/wp-json\/wp\/v2\/media\/14720"}],"wp:attachment":[{"href":"https:\/\/santpedor.net\/radio\/wp-json\/wp\/v2\/media?parent=14719"}],"wp:term":[{"taxonomy":"category","embeddable":true,"href":"https:\/\/santpedor.net\/radio\/wp-json\/wp\/v2\/categories?post=14719"},{"taxonomy":"post_tag","embeddable":true,"href":"https:\/\/santpedor.net\/radio\/wp-json\/wp\/v2\/tags?post=14719"}],"curies":[{"name":"wp","href":"https:\/\/api.w.org\/{rel}","templated":true}]}}