{"id":15004,"date":"2025-11-16T08:00:20","date_gmt":"2025-11-16T07:00:20","guid":{"rendered":"https:\/\/santpedor.net\/radio\/?p=15004"},"modified":"2025-11-16T20:32:40","modified_gmt":"2025-11-16T19:32:40","slug":"afectacions-per-les-obres-darranjament-a-diversos-carrers-del-poble-a-partir-de-dema","status":"publish","type":"post","link":"https:\/\/santpedor.net\/radio\/afectacions-per-les-obres-darranjament-a-diversos-carrers-del-poble-a-partir-de-dema\/","title":{"rendered":"Afectacions per les obres d&#8217;arranjament a diversos carrers del poble a partir de dem\u00e0"},"content":{"rendered":"<p><span style=\"font-weight: 400\">Dem\u00e0 comen\u00e7aran les <\/span><span style=\"font-weight: 400\"><strong>obres de millora i arranjament a diversos carrers del municipi<\/strong><\/span><span style=\"font-weight: 400\">. Els treballs afectaran el <\/span><span style=\"font-weight: 400\"><strong>carrer<\/strong><\/span><span style=\"font-weight: 400\"> <\/span><span style=\"font-weight: 400\"><strong>Pons Grau<\/strong><\/span><span style=\"font-weight: 400\"> \u2014entre el carrer Monjo i el carrer Carles Riba\u2014, el carrer <\/span><span style=\"font-weight: 400\"><strong>Monjo<\/strong><\/span><span style=\"font-weight: 400\"> \u2014entre el carrer Pons Grau i la pla\u00e7a Sant Jordi\u2014, la mateixa <\/span><span style=\"font-weight: 400\"><strong>pla\u00e7a Sant Jordi<\/strong><\/span><span style=\"font-weight: 400\"> i tamb\u00e9 la carretera de Castellnou, en el tram que va fins al carrer Pompeu Fabra.<\/span><\/p>\n<p><span style=\"font-weight: 400\">L\u2019objectiu d\u2019aquesta actuaci\u00f3 \u00e9s <\/span><span style=\"font-weight: 400\"><strong>reparar el paviment i millorar la seguretat tant dels vehicles com dels vianants<\/strong><\/span><span style=\"font-weight: 400\">. Entre les principals intervencions hi ha l\u2019ampliaci\u00f3 de la vorera sud als carrers Pons Grau, Monjo i a la pla\u00e7a Sant Jordi, i la creaci\u00f3 d\u2019un nou pas de vianants elevat entre el carrer de la Fira i la pla\u00e7a Sant Jordi. Tamb\u00e9 <\/span><span style=\"font-weight: 400\"><strong>s\u2019assegurar\u00e0 que la cal\u00e7ada tingui l\u2019amplada adequada per al pas de vehicles en tots dos sentits<\/strong><\/span><span style=\"font-weight: 400\">.<\/span><\/p>\n<p><span style=\"font-weight: 400\">Les obres tindran una <\/span><span style=\"font-weight: 400\"><strong>durada aproximada d\u2019un mes<\/strong><\/span><span style=\"font-weight: 400\">. Durant aquest per\u00edode, hi haur\u00e0 <\/span><span style=\"font-weight: 400\"><strong>modificacions temporals en la circulaci\u00f3<\/strong><\/span><span style=\"font-weight: 400\">, amb senyalitzaci\u00f3 espec\u00edfica per garantir la seguretat i facilitar la mobilitat dels ve\u00efns.<\/span><\/p>\n<p><span style=\"font-weight: 400\">A causa d\u2019aquesta actuaci\u00f3,<\/span><span style=\"font-weight: 400\"><strong> quedar\u00e0 anul\u00b7lada definitivament la parada d\u2019autob\u00fas de la pla\u00e7a Sant Jordi<\/strong><\/span><span style=\"font-weight: 400\">.<\/span><\/p>\n<p><span style=\"font-weight: 400\">El <\/span><span style=\"font-weight: 400\"><strong>cost total dels treballs<\/strong><\/span><span style=\"font-weight: 400\"> <\/span><span style=\"font-weight: 400\"><strong>\u00e9s de<\/strong><\/span><span style=\"font-weight: 400\"> <\/span><span style=\"font-weight: 400\"><strong>179.063 euros<\/strong><\/span><span style=\"font-weight: 400\">, finan\u00e7ats amb el suport de la Diputaci\u00f3 de Barcelona. Les obres aniran a c\u00e0rrec de l\u2019empresa UTE Consorci Egara Bages CCDL.<\/span><\/p>\n<p><span style=\"font-weight: 400\">En el torn de precs del ple d\u2019aquest mes es va q\u00fcestionar l&#8217;inici de la campanya d&#8217;asfaltatge (subvencionada per la Diputaci\u00f3 per 190.000 euros) al carrer Pontsgrau, ja que existeixen defici\u00e8ncies greus en el clavegueram. L\u2019executiu va confirmar que l&#8217;actuaci\u00f3 se centra en l&#8217;arranjament del ferm de la cal\u00e7ada i l&#8217;eixamplament de la vorera, sense alterar ni modificar la xarxa de clavegueram en aquesta fase.<\/span><\/p>\n","protected":false},"excerpt":{"rendered":"<p>Dem\u00e0 comen\u00e7aran les obres de millora i arranjament a diversos carrers del municipi. Els treballs afectaran el carrer Pons Grau \u2014entre el carrer Monjo i el carrer Carles Riba\u2014, el carrer Monjo \u2014entre el carrer Pons Grau i la pla\u00e7a Sant Jordi\u2014, la mateixa pla\u00e7a Sant Jordi i tamb\u00e9 la carretera de Castellnou, en el [&hellip;]<\/p>\n","protected":false},"author":675,"featured_media":15005,"comment_status":"open","ping_status":"closed","sticky":false,"template":"","format":"standard","meta":{"footnotes":""},"categories":[3],"tags":[],"class_list":{"0":"post-15004","1":"post","2":"type-post","3":"status-publish","4":"format-standard","5":"has-post-thumbnail","7":"category-noticies"},"_links":{"self":[{"href":"https:\/\/santpedor.net\/radio\/wp-json\/wp\/v2\/posts\/15004","targetHints":{"allow":["GET"]}}],"collection":[{"href":"https:\/\/santpedor.net\/radio\/wp-json\/wp\/v2\/posts"}],"about":[{"href":"https:\/\/santpedor.net\/radio\/wp-json\/wp\/v2\/types\/post"}],"author":[{"embeddable":true,"href":"https:\/\/santpedor.net\/radio\/wp-json\/wp\/v2\/users\/675"}],"replies":[{"embeddable":true,"href":"https:\/\/santpedor.net\/radio\/wp-json\/wp\/v2\/comments?post=15004"}],"version-history":[{"count":0,"href":"https:\/\/santpedor.net\/radio\/wp-json\/wp\/v2\/posts\/15004\/revisions"}],"wp:featuredmedia":[{"embeddable":true,"href":"https:\/\/santpedor.net\/radio\/wp-json\/wp\/v2\/media\/15005"}],"wp:attachment":[{"href":"https:\/\/santpedor.net\/radio\/wp-json\/wp\/v2\/media?parent=15004"}],"wp:term":[{"taxonomy":"category","embeddable":true,"href":"https:\/\/santpedor.net\/radio\/wp-json\/wp\/v2\/categories?post=15004"},{"taxonomy":"post_tag","embeddable":true,"href":"https:\/\/santpedor.net\/radio\/wp-json\/wp\/v2\/tags?post=15004"}],"curies":[{"name":"wp","href":"https:\/\/api.w.org\/{rel}","templated":true}]}}