{"id":15029,"date":"2025-11-20T09:03:26","date_gmt":"2025-11-20T08:03:26","guid":{"rendered":"https:\/\/santpedor.net\/radio\/?p=15029"},"modified":"2025-11-20T20:03:39","modified_gmt":"2025-11-20T19:03:39","slug":"50-anys-de-la-mort-de-franco-que-va-significar-el-franquisme-per-a-santpedor","status":"publish","type":"post","link":"https:\/\/santpedor.net\/radio\/50-anys-de-la-mort-de-franco-que-va-significar-el-franquisme-per-a-santpedor\/","title":{"rendered":"50 anys de la mort de Franco: qu\u00e8 va significar el franquisme per a Santpedor?"},"content":{"rendered":"<p>Avui dijous 20 de novembre fa cinquanta anys de la mort de Francisco Franco, el 20 de novembre de 1975. Mig segle despr\u00e9s, la data continua sent un moment clau per revisar qu\u00e8 va significar la dictadura franquista per als municipis del pa\u00eds. En el cas de Santpedor, la documentaci\u00f3 hist\u00f2rica disponible permet reconstruir l\u2019impacte del r\u00e8gim i, sobretot, la repressi\u00f3 exercida despr\u00e9s de la Guerra Civil.<\/p>\n<p>Segons les fonts recollides per diferents investigadors i per la documentaci\u00f3 de la Causa General, a Santpedor la postguerra franquista es va traduir en <strong>94 consells de guerra<\/strong> que van afectar ve\u00efns i ve\u00efnes del municipi. D\u2019aquests, <strong>37<\/strong> van ser enviats a <strong>camps de concentraci\u00f3<\/strong> i <strong>18<\/strong> van ser destinats a <strong>batallons de treball<\/strong>. Entre les persones encausades hi havia tamb\u00e9 <strong>vuit dones<\/strong>, una dada que evidencia l\u2019abast social de la repressi\u00f3.<\/p>\n<p>La documentaci\u00f3 tamb\u00e9 recull els <strong>noms de diversos ve\u00efns executats o morts<\/strong> a conseq\u00fc\u00e8ncia de la repressi\u00f3 franquista. Entre els executats hi consten:<\/p>\n<ul>\n<li><strong>Br\u00edgido Gonz\u00e1lez Segura<\/strong> (CNT)<\/li>\n<li><strong>Eladio Pozo Ortu\u00f1o<\/strong> (CNT)<\/li>\n<li><strong>Ramon Jordana Sucarrats<\/strong> (CNT, POUM)<\/li>\n<li><strong>Jaume Ubach Cots<\/strong> (POUM)<\/li>\n<li><strong>Celest\u00ed Vila Branzuela<\/strong> (UR)<\/li>\n<li><strong>Joan Prats Artigas<\/strong><\/li>\n<li><strong>August Vila Pe\u00f1a<\/strong> (POUM)<\/li>\n<\/ul>\n<p>A m\u00e9s, <strong>Jaume Colldeforns Roca<\/strong> (UGT) hi apareix com a mort a la pres\u00f3 a causa de les condicions de reclusi\u00f3.<\/p>\n<h3><strong>Una repressi\u00f3 basada en sumaris i testimonis divergents<\/strong><\/h3>\n<p>La Causa General i altres documents franquistes van registrar centenars de testimonis, sovint contradictoris, sobre els fets succe\u00efts al poble entre 1936 i 1939. Les fonts recollides mostren que alguns episodis violents atribu\u00efts al per\u00edode revolucionari s\u00f3n relatats de manera molt diferent segons d\u2019on prov\u00e9 la declaraci\u00f3: mentre alguns sumaris apunten a responsabilitats locals, altres testimonis assenyalen actuacions de comit\u00e8s vinguts de fora, com ara de Manresa, S\u00faria o Sant Fruit\u00f3s.<\/p>\n<p>Aquesta diverg\u00e8ncia entre versions ha complicat la reconstrucci\u00f3 precisa dels fets, tal com indiquen els historiadors que han treballat aquests arxius, per\u00f2 alhora aporta una imatge clara de com la repressi\u00f3 franquista va utilitzar els sumaris judicials per depurar responsabilitats i castigar tant la milit\u00e0ncia pol\u00edtica com la participaci\u00f3 en els comit\u00e8s locals durant la guerra.<\/p>\n<h3><strong>Un municipi amb activitat sindical i pol\u00edtica pr\u00e8via a la guerra<\/strong><\/h3>\n<p>Santpedor va ser, abans del conflicte, un municipi amb una pres\u00e8ncia notable de sindicalisme agr\u00edcola i industrial. Hi havia activitat de la <strong>CNT<\/strong>, de la <strong>UGT<\/strong>, d\u2019<strong>Uni\u00f3 de Rabassaires<\/strong> i del <strong>POUM<\/strong>, amb episodis de conflictivitat laboral destacats, com el lock-out de la f\u00e0brica Puiggr\u00f3s o el suport mutu entre obreres i rabassaires en vaga.<\/p>\n<p>Durant la guerra, el municipi va viure incautacions de propietats, processos de col\u00b7lectivitzaci\u00f3 i canvis administratius com el <strong>canvi temporal del nom del poble a \u201cGraner de Bages\u201d<\/strong>, reconegut al DOGC el 3 de febrer de 1937. Aquestes decisions, preses en el context del poder republic\u00e0, serien posteriorment anul\u00b7lades pel r\u00e8gim franquista durant la postguerra.<\/p>\n","protected":false},"excerpt":{"rendered":"<p>Avui dijous 20 de novembre fa cinquanta anys de la mort de Francisco Franco, el 20 de novembre de 1975. Mig segle despr\u00e9s, la data continua sent un moment clau per revisar qu\u00e8 va significar la dictadura franquista per als municipis del pa\u00eds. En el cas de Santpedor, la documentaci\u00f3 hist\u00f2rica disponible permet reconstruir l\u2019impacte [&hellip;]<\/p>\n","protected":false},"author":675,"featured_media":15030,"comment_status":"open","ping_status":"closed","sticky":false,"template":"","format":"standard","meta":{"footnotes":""},"categories":[236],"tags":[],"class_list":{"0":"post-15029","1":"post","2":"type-post","3":"status-publish","4":"format-standard","5":"has-post-thumbnail","7":"category-entitats-i-cultura"},"_links":{"self":[{"href":"https:\/\/santpedor.net\/radio\/wp-json\/wp\/v2\/posts\/15029","targetHints":{"allow":["GET"]}}],"collection":[{"href":"https:\/\/santpedor.net\/radio\/wp-json\/wp\/v2\/posts"}],"about":[{"href":"https:\/\/santpedor.net\/radio\/wp-json\/wp\/v2\/types\/post"}],"author":[{"embeddable":true,"href":"https:\/\/santpedor.net\/radio\/wp-json\/wp\/v2\/users\/675"}],"replies":[{"embeddable":true,"href":"https:\/\/santpedor.net\/radio\/wp-json\/wp\/v2\/comments?post=15029"}],"version-history":[{"count":0,"href":"https:\/\/santpedor.net\/radio\/wp-json\/wp\/v2\/posts\/15029\/revisions"}],"wp:featuredmedia":[{"embeddable":true,"href":"https:\/\/santpedor.net\/radio\/wp-json\/wp\/v2\/media\/15030"}],"wp:attachment":[{"href":"https:\/\/santpedor.net\/radio\/wp-json\/wp\/v2\/media?parent=15029"}],"wp:term":[{"taxonomy":"category","embeddable":true,"href":"https:\/\/santpedor.net\/radio\/wp-json\/wp\/v2\/categories?post=15029"},{"taxonomy":"post_tag","embeddable":true,"href":"https:\/\/santpedor.net\/radio\/wp-json\/wp\/v2\/tags?post=15029"}],"curies":[{"name":"wp","href":"https:\/\/api.w.org\/{rel}","templated":true}]}}