{"id":15032,"date":"2025-11-21T17:00:32","date_gmt":"2025-11-21T16:00:32","guid":{"rendered":"https:\/\/santpedor.net\/radio\/?p=15032"},"modified":"2025-12-02T11:30:17","modified_gmt":"2025-12-02T10:30:17","slug":"santpedor-celebra-el-dia-dels-drets-dels-infants-amb-una-matinal-de-jocs-gegants","status":"publish","type":"post","link":"https:\/\/santpedor.net\/radio\/santpedor-celebra-el-dia-dels-drets-dels-infants-amb-una-matinal-de-jocs-gegants\/","title":{"rendered":"Santpedor celebra el Dia dels Drets dels Infants amb una matinal de jocs gegants"},"content":{"rendered":"<p data-start=\"187\" data-end=\"432\">Santpedor organitza aquest diumenge, <strong data-start=\"224\" data-end=\"250\">23 de novembre de 2025<\/strong>, una jornada festiva en commemoraci\u00f3 del <strong data-start=\"292\" data-end=\"323\">Dia dels Drets dels Infants<\/strong>. Les activitats comen\u00e7aran a les <strong data-start=\"357\" data-end=\"396\">10.30 h a la pla\u00e7a Gran U d\u2019Octubre<\/strong> amb un esmorzar de coca i xocolata.<\/p>\n<p data-start=\"434\" data-end=\"763\">La programaci\u00f3 inclou <strong data-start=\"456\" data-end=\"472\">jocs gegants<\/strong>, l\u2019espectacle del Mag Ferbuch i la <strong data-start=\"508\" data-end=\"556\">lectura del manifest pels Drets dels Infants<\/strong>. A m\u00e9s, els membres del Consell dels Infants han preparat la tradicional cursa de cavalls, que l\u2019any passat no es va poder realitzar a causa de la pluja, perqu\u00e8 tots els infants puguin gaudir-la aquest any.<\/p>\n<p data-start=\"765\" data-end=\"1010\"><img decoding=\"async\" src=\"https:\/\/www.santpedor.cat\/media\/repository\/agenda\/2025\/Novembre_2025\/DretsDelsInfants.JPG\" alt=\"Santpedor celebrar\u00e0 els Drets dels Infants amb una matinal de jocs gegants - Ajuntament de Santpedor\" \/><\/p>\n<p data-start=\"765\" data-end=\"1010\">L\u2019esdeveniment combinar\u00e0\u00a0<strong data-start=\"788\" data-end=\"817\">diversi\u00f3 i conscienciaci\u00f3<\/strong>, amb l\u2019objectiu de posar en relleu les desigualtats i la manca de drets que encara afecten molts nens i nenes, alhora que es reflexiona sobre els privilegis individuals dins de la comunitat.<\/p>\n","protected":false},"excerpt":{"rendered":"<p>Santpedor organitza aquest diumenge, 23 de novembre de 2025, una jornada festiva en commemoraci\u00f3 del Dia dels Drets dels Infants. Les activitats comen\u00e7aran a les 10.30 h a la pla\u00e7a Gran U d\u2019Octubre amb un esmorzar de coca i xocolata. La programaci\u00f3 inclou jocs gegants, l\u2019espectacle del Mag Ferbuch i la lectura del manifest pels [&hellip;]<\/p>\n","protected":false},"author":675,"featured_media":15033,"comment_status":"open","ping_status":"closed","sticky":false,"template":"","format":"standard","meta":{"footnotes":""},"categories":[236],"tags":[],"class_list":{"0":"post-15032","1":"post","2":"type-post","3":"status-publish","4":"format-standard","5":"has-post-thumbnail","7":"category-entitats-i-cultura"},"_links":{"self":[{"href":"https:\/\/santpedor.net\/radio\/wp-json\/wp\/v2\/posts\/15032","targetHints":{"allow":["GET"]}}],"collection":[{"href":"https:\/\/santpedor.net\/radio\/wp-json\/wp\/v2\/posts"}],"about":[{"href":"https:\/\/santpedor.net\/radio\/wp-json\/wp\/v2\/types\/post"}],"author":[{"embeddable":true,"href":"https:\/\/santpedor.net\/radio\/wp-json\/wp\/v2\/users\/675"}],"replies":[{"embeddable":true,"href":"https:\/\/santpedor.net\/radio\/wp-json\/wp\/v2\/comments?post=15032"}],"version-history":[{"count":0,"href":"https:\/\/santpedor.net\/radio\/wp-json\/wp\/v2\/posts\/15032\/revisions"}],"wp:featuredmedia":[{"embeddable":true,"href":"https:\/\/santpedor.net\/radio\/wp-json\/wp\/v2\/media\/15033"}],"wp:attachment":[{"href":"https:\/\/santpedor.net\/radio\/wp-json\/wp\/v2\/media?parent=15032"}],"wp:term":[{"taxonomy":"category","embeddable":true,"href":"https:\/\/santpedor.net\/radio\/wp-json\/wp\/v2\/categories?post=15032"},{"taxonomy":"post_tag","embeddable":true,"href":"https:\/\/santpedor.net\/radio\/wp-json\/wp\/v2\/tags?post=15032"}],"curies":[{"name":"wp","href":"https:\/\/api.w.org\/{rel}","templated":true}]}}