{"id":15364,"date":"2026-01-07T21:27:51","date_gmt":"2026-01-07T20:27:51","guid":{"rendered":"https:\/\/santpedor.net\/radio\/?p=15364"},"modified":"2026-01-10T14:55:14","modified_gmt":"2026-01-10T13:55:14","slug":"radio-santpedor-estrena-portal-web-una-aposta-per-la-modernitat-i-la-proximitat-digital","status":"publish","type":"post","link":"https:\/\/santpedor.net\/radio\/radio-santpedor-estrena-portal-web-una-aposta-per-la-modernitat-i-la-proximitat-digital\/","title":{"rendered":"R\u00e0dio Santpedor estrena portal web: una aposta per la modernitat i la proximitat digital"},"content":{"rendered":"<p data-pm-slice=\"1 1 []\">R\u00e0dio Santpedor fa un salt endavant en la seva estrat\u00e8gia digital. L&#8217;emissora municipal ha presentat oficialment el seu <strong>nou portal web<\/strong>, una plataforma completament renovada que neix amb l&#8217;objectiu de millorar l&#8217;experi\u00e8ncia de l&#8217;usuari i millorar el vincle amb els oients mitjan\u00e7ant d&#8217;internet.<\/p>\n<h3><strong>Fidelitat a la identitat corporativa i facilitat d&#8217;escolta<\/strong><\/h3>\n<p>Tot i el canvi d&#8217;estructura i disseny, la nova web mant\u00e9 una coher\u00e8ncia visual total amb la identitat de l&#8217;emissora. S&#8217;han conservat els <strong>colors corporatius del logotip<\/strong>, integrant-los en una interf\u00edcie m\u00e9s neta, clara i adaptada als dispositius m\u00f2bils.<\/p>\n<p>Una de les millores m\u00e9s destacades \u00e9s l&#8217;acc\u00e9s a l&#8217;<strong>emissi\u00f3 en directe<\/strong>. Conscients que el consum de r\u00e0dio digital \u00e9s cada cop m\u00e9s freq\u00fcent, s&#8217;ha habilitat una <strong>pestanya espec\u00edfica al men\u00fa principal<\/strong>, senyalitzada amb un <strong>s\u00edmbol vermell<\/strong> molt visual que permet als usuaris sintonitzar l&#8217;emissora a l&#8217;instant des de qualsevol lloc.<\/p>\n<h3><strong>Un espai propi per a cada programa<\/strong><\/h3>\n<p>La renovaci\u00f3 no \u00e9s nom\u00e9s est\u00e8tica, sin\u00f3 tamb\u00e9 de continguts. Les p\u00e0gines dels programes que conformen la graella de R\u00e0dio Santpedor s&#8217;han transformat per complet. Ara, cada espai gaudeix d&#8217;un <strong>disseny \u00fanic i modern<\/strong>, allunyant-se de l&#8217;estructura r\u00edgida de l&#8217;antiga web.<\/p>\n<p>En aquests nous apartats, es prioritza la <strong>informaci\u00f3 de Santpedor<\/strong>, refermant el comprom\u00eds de l&#8217;emissora amb l&#8217;actualitat del municipi. A m\u00e9s, s&#8217;ha volgut posar cara i nom a les veus de la r\u00e0dio, donant un <strong>especial protagonisme als presentadors<\/strong> i equips de cada format, que ara apareixen destacats a les seves respectives seccions. Aprofitant l&#8217;ocasi\u00f3, s&#8217;han renovat i actualitzat els reproductors d&#8217;escolta de cada format per garantir que l&#8217;audi\u00e8ncia de R\u00e0dio Santpedor pugui<strong> escoltar quan vulgui i on vulgui<\/strong> qualsevol programa de la graella de l&#8217;emissora p\u00fablica.<\/p>\n<h3><strong>Cada vegada m\u00e9s a prop teu<\/strong><\/h3>\n<p>D\u2019altra banda, el nou portal de R\u00e0dio Santpedor ha estat optimitzat per a ser utilitzat des de <strong>qualsevol dispositiu<\/strong>, garantint una experi\u00e8ncia d&#8217;usuari coherent i fluida tant si s&#8217;hi accedeix des del tel\u00e8fon m\u00f2bil com des de l&#8217;ordinador.<\/p>\n<p>Amb l&#8217;objectiu de facilitar un acc\u00e9s permanent i instantani, s&#8217;ha habilitat la possibilitat d&#8217;integrar el web directament al men\u00fa d&#8217;inici dels terminals. Els oients nom\u00e9s han d&#8217;accedir a la configuraci\u00f3 del seu navegador mentre visiten el portal de l&#8217;emissora i seleccionar l&#8217;opci\u00f3 <strong>\u201cAfegir a pantalla d\u2019inici\u201d<\/strong>. Mitjan\u00e7ant aquest procediment, es generar\u00e0 una icona pr\u00f2pia al dispositiu que funcionar\u00e0 <strong>com si fos una aplicaci\u00f3<\/strong>, cosa que permet connectar amb l&#8217;actualitat del municipi amb un sol clic.<\/p>\n<p><strong>Durant les setmanes vinents es continuaran afegint m\u00e9s detalls<\/strong>, funcionalitats i continguts per fer de la web de R\u00e0dio Santpedor el punt de trobada de refer\u00e8ncia per a tots els santpedorencs i santpedorenques.<\/p>\n","protected":false},"excerpt":{"rendered":"<p>L&#8217;emissora municipal renova la seva imatge al portal web amb un disseny m\u00e9s intu\u00eftiu que prioritza l&#8217;escolta en directe i la informaci\u00f3 local del poble<\/p>\n","protected":false},"author":675,"featured_media":15403,"comment_status":"open","ping_status":"closed","sticky":false,"template":"","format":"standard","meta":{"footnotes":""},"categories":[3,137],"tags":[],"class_list":{"0":"post-15364","1":"post","2":"type-post","3":"status-publish","4":"format-standard","5":"has-post-thumbnail","7":"category-noticies","8":"category-societat"},"_links":{"self":[{"href":"https:\/\/santpedor.net\/radio\/wp-json\/wp\/v2\/posts\/15364","targetHints":{"allow":["GET"]}}],"collection":[{"href":"https:\/\/santpedor.net\/radio\/wp-json\/wp\/v2\/posts"}],"about":[{"href":"https:\/\/santpedor.net\/radio\/wp-json\/wp\/v2\/types\/post"}],"author":[{"embeddable":true,"href":"https:\/\/santpedor.net\/radio\/wp-json\/wp\/v2\/users\/675"}],"replies":[{"embeddable":true,"href":"https:\/\/santpedor.net\/radio\/wp-json\/wp\/v2\/comments?post=15364"}],"version-history":[{"count":0,"href":"https:\/\/santpedor.net\/radio\/wp-json\/wp\/v2\/posts\/15364\/revisions"}],"wp:featuredmedia":[{"embeddable":true,"href":"https:\/\/santpedor.net\/radio\/wp-json\/wp\/v2\/media\/15403"}],"wp:attachment":[{"href":"https:\/\/santpedor.net\/radio\/wp-json\/wp\/v2\/media?parent=15364"}],"wp:term":[{"taxonomy":"category","embeddable":true,"href":"https:\/\/santpedor.net\/radio\/wp-json\/wp\/v2\/categories?post=15364"},{"taxonomy":"post_tag","embeddable":true,"href":"https:\/\/santpedor.net\/radio\/wp-json\/wp\/v2\/tags?post=15364"}],"curies":[{"name":"wp","href":"https:\/\/api.w.org\/{rel}","templated":true}]}}