{"id":15467,"date":"2026-01-31T18:13:20","date_gmt":"2026-01-31T17:13:20","guid":{"rendered":"https:\/\/santpedor.net\/radio\/?p=15467"},"modified":"2026-01-31T12:23:19","modified_gmt":"2026-01-31T11:23:19","slug":"latardaestrena","status":"publish","type":"post","link":"https:\/\/santpedor.net\/radio\/latardaestrena\/","title":{"rendered":"La Tarda &#8211; 31\/01\/2026 (estrena)"},"content":{"rendered":"<p><iframe loading=\"lazy\" src=\"https:\/\/www.ivoox.com\/player_ej_167642447_6_1.html?c1=ec3434\" width=\"100%\" height=\"200\" frameborder=\"0\" scrolling=\"no\" allowfullscreen=\"allowfullscreen\"><\/iframe><\/p>\n<p class=\"text-truncate-5\" data-v-fe2ba2be=\"\">R\u00e0dio Santpedor recupera el format hist\u00f2ric del magaz\u00edn de tarda amb l\u2019estrena de &#8216;La Tarda&#8217;, un espai en directe dedicat a l\u2019actualitat municipal, les hist\u00f2ries del poble i la participaci\u00f3 ve\u00efnal. En aquest primer programa, fem rep\u00e0s de les not\u00edcies m\u00e9s destacades de gener, entrevistem Marc Mart\u00ednez Amat sobre el llegat dels magazins de tarda a l\u2019emissora i parlem de la recuperaci\u00f3 de les Caramelles de Santpedor amb el grup impulsor de la iniciativa.<\/p>\n<p>El programa tamb\u00e9 inclou el conte mensual de Pep Tort, la secci\u00f3 participativa de Laia Mart\u00ednez sobre els pressupostos participatius, i &#8216;L\u2019Ocurr\u00e8ncia&#8217; de Xes Caride, amb una mirada cr\u00edtica al moment actual de la m\u00fasica catalana. Tot plegat, amb l\u2019objectiu de tornar a fer de la r\u00e0dio un punt de trobada del poble.<\/p>\n","protected":false},"excerpt":{"rendered":"<p>R\u00e0dio Santpedor recupera el format hist\u00f2ric del magaz\u00edn de tarda amb l\u2019estrena de &#8216;La Tarda&#8217;, un espai en directe dedicat a l\u2019actualitat municipal, les hist\u00f2ries del poble i la participaci\u00f3 ve\u00efnal. En aquest primer programa, fem rep\u00e0s de les not\u00edcies m\u00e9s destacades de gener, entrevistem Marc Mart\u00ednez Amat sobre el llegat dels magazins de tarda [&hellip;]<\/p>\n","protected":false},"author":1,"featured_media":15468,"comment_status":"open","ping_status":"closed","sticky":false,"template":"","format":"standard","meta":{"footnotes":""},"categories":[1303],"tags":[],"class_list":{"0":"post-15467","1":"post","2":"type-post","3":"status-publish","4":"format-standard","5":"has-post-thumbnail","7":"category-latarda"},"_links":{"self":[{"href":"https:\/\/santpedor.net\/radio\/wp-json\/wp\/v2\/posts\/15467","targetHints":{"allow":["GET"]}}],"collection":[{"href":"https:\/\/santpedor.net\/radio\/wp-json\/wp\/v2\/posts"}],"about":[{"href":"https:\/\/santpedor.net\/radio\/wp-json\/wp\/v2\/types\/post"}],"author":[{"embeddable":true,"href":"https:\/\/santpedor.net\/radio\/wp-json\/wp\/v2\/users\/1"}],"replies":[{"embeddable":true,"href":"https:\/\/santpedor.net\/radio\/wp-json\/wp\/v2\/comments?post=15467"}],"version-history":[{"count":0,"href":"https:\/\/santpedor.net\/radio\/wp-json\/wp\/v2\/posts\/15467\/revisions"}],"wp:featuredmedia":[{"embeddable":true,"href":"https:\/\/santpedor.net\/radio\/wp-json\/wp\/v2\/media\/15468"}],"wp:attachment":[{"href":"https:\/\/santpedor.net\/radio\/wp-json\/wp\/v2\/media?parent=15467"}],"wp:term":[{"taxonomy":"category","embeddable":true,"href":"https:\/\/santpedor.net\/radio\/wp-json\/wp\/v2\/categories?post=15467"},{"taxonomy":"post_tag","embeddable":true,"href":"https:\/\/santpedor.net\/radio\/wp-json\/wp\/v2\/tags?post=15467"}],"curies":[{"name":"wp","href":"https:\/\/api.w.org\/{rel}","templated":true}]}}