{"id":15486,"date":"2026-02-10T20:57:30","date_gmt":"2026-02-10T19:57:30","guid":{"rendered":"https:\/\/santpedor.net\/radio\/?p=15486"},"modified":"2026-02-10T20:57:30","modified_gmt":"2026-02-10T19:57:30","slug":"especial-informatiu-la-presa-de-possessio-de-jordi-soteras-10-02-2026","status":"publish","type":"post","link":"https:\/\/santpedor.net\/radio\/especial-informatiu-la-presa-de-possessio-de-jordi-soteras-10-02-2026\/","title":{"rendered":"Especial Informatiu: la presa de possessi\u00f3 de Jordi Soteras &#8211; 10\/02\/2026"},"content":{"rendered":"<p>Santpedor viu una tarda pol\u00edtica sense precedents. Joel Bugu\u00f1\u00e0 dirigeix un especial informatiu per seguir minut a minut la presa de possessi\u00f3 de Jordi Soteras (Alian\u00e7a Catalana) com a nou regidor, despr\u00e9s d&#8217;una carambola de ren\u00fancies a la llista de Sumem-Junts. Analitzem les claus d&#8217;aquest trencament del tauler pol\u00edtic amb el polit\u00f2leg Xavier Torrens, escoltem la primera entrevista al nou regidor i connectem en directe amb la Pla\u00e7a Gran U d&#8217;Octubre, on Laia Mart\u00ednez segueix la concentraci\u00f3 de rebuig convocada pels ve\u00efns.<\/p>\n<p><iframe loading=\"lazy\" src=\"https:\/\/www.ivoox.com\/player_ej_168154164_6_1.html?c1=c5d067\" width=\"100%\" height=\"200\" frameborder=\"0\" scrolling=\"no\" allowfullscreen=\"allowfullscreen\"><\/iframe><\/p>\n","protected":false},"excerpt":{"rendered":"<p>Santpedor viu una tarda pol\u00edtica sense precedents. Joel Bugu\u00f1\u00e0 dirigeix un especial informatiu per seguir minut a minut la presa de possessi\u00f3 de Jordi Soteras (Alian\u00e7a Catalana) com a nou regidor, despr\u00e9s d&#8217;una carambola de ren\u00fancies a la llista de Sumem-Junts. Analitzem les claus d&#8217;aquest trencament del tauler pol\u00edtic amb el polit\u00f2leg Xavier Torrens, escoltem [&hellip;]<\/p>\n","protected":false},"author":1,"featured_media":15487,"comment_status":"open","ping_status":"closed","sticky":false,"template":"","format":"standard","meta":{"footnotes":""},"categories":[1237],"tags":[],"class_list":{"0":"post-15486","1":"post","2":"type-post","3":"status-publish","4":"format-standard","5":"has-post-thumbnail","7":"category-informatiu"},"_links":{"self":[{"href":"https:\/\/santpedor.net\/radio\/wp-json\/wp\/v2\/posts\/15486","targetHints":{"allow":["GET"]}}],"collection":[{"href":"https:\/\/santpedor.net\/radio\/wp-json\/wp\/v2\/posts"}],"about":[{"href":"https:\/\/santpedor.net\/radio\/wp-json\/wp\/v2\/types\/post"}],"author":[{"embeddable":true,"href":"https:\/\/santpedor.net\/radio\/wp-json\/wp\/v2\/users\/1"}],"replies":[{"embeddable":true,"href":"https:\/\/santpedor.net\/radio\/wp-json\/wp\/v2\/comments?post=15486"}],"version-history":[{"count":0,"href":"https:\/\/santpedor.net\/radio\/wp-json\/wp\/v2\/posts\/15486\/revisions"}],"wp:featuredmedia":[{"embeddable":true,"href":"https:\/\/santpedor.net\/radio\/wp-json\/wp\/v2\/media\/15487"}],"wp:attachment":[{"href":"https:\/\/santpedor.net\/radio\/wp-json\/wp\/v2\/media?parent=15486"}],"wp:term":[{"taxonomy":"category","embeddable":true,"href":"https:\/\/santpedor.net\/radio\/wp-json\/wp\/v2\/categories?post=15486"},{"taxonomy":"post_tag","embeddable":true,"href":"https:\/\/santpedor.net\/radio\/wp-json\/wp\/v2\/tags?post=15486"}],"curies":[{"name":"wp","href":"https:\/\/api.w.org\/{rel}","templated":true}]}}