{"id":15497,"date":"2026-02-11T17:44:35","date_gmt":"2026-02-11T16:44:35","guid":{"rendered":"https:\/\/santpedor.net\/radio\/?p=15497"},"modified":"2026-02-11T17:45:45","modified_gmt":"2026-02-11T16:45:45","slug":"orriols-lloa-els-agents-per-protegir-la-presa-de-possessio-de-soteras-i-assenyala-el-pacte-antifeixista-de-violencia-politica","status":"publish","type":"post","link":"https:\/\/santpedor.net\/radio\/orriols-lloa-els-agents-per-protegir-la-presa-de-possessio-de-soteras-i-assenyala-el-pacte-antifeixista-de-violencia-politica\/","title":{"rendered":"S\u00edlvia Orriols lloa la policia per protegir la presa de possessi\u00f3 de Soteras i assenyala el pacte antifeixista de &#8220;viol\u00e8ncia pol\u00edtica&#8221;"},"content":{"rendered":"<p data-path-to-node=\"5\">La presidenta d&#8217;Alian\u00e7a Catalana, S\u00edlvia Orriols, ha reaccionat amb contund\u00e8ncia als aldarulls viscuts ahir al vespre durant el ple municipal de Santpedor. A trav\u00e9s de les seves xarxes socials i en una intervenci\u00f3 p\u00fablica al Parlament de Catalunya, <strong>Orriols ha agra\u00eft la tasca dels cossos de seguretat per protegir la investidura del nou regidor vinculat a la seva formaci\u00f3<\/strong>, Jordi Soteras, i <strong>ha responsabilitzat directament la resta de partits pol\u00edtics de generar un clima d&#8217;hostilitat<\/strong> contra la seva milit\u00e0ncia.<\/p>\n<p data-path-to-node=\"6\">En una publicaci\u00f3 a la xarxa social X, acompanyada d&#8217;un v\u00eddeo on es veu un <strong>forcejament entre el regidor Rub\u00e8n L\u00f3pez i un agent de la Policia Local<\/strong>, <strong>la l\u00edder d&#8217;Alian\u00e7a Catalana ha expressat el seu agra\u00efment als policies per haver garantit el dret de representaci\u00f3 pol\u00edtica del seu regidor<\/strong>. En el mateix missatge, Orriols ha qualificat d&#8217;inadmissibles la intoler\u00e0ncia, el totalitarisme i la viol\u00e8ncia que, segons ella, han estat exercides per l&#8217;extrema esquerra. A m\u00e9s, ha reclamat <strong>mesures legals<\/strong> contundents, <strong>exigint que el regidor de la CUP sigui dut davant la just\u00edcia i que l&#8217;Ajuntament es personi en el cas com a acusaci\u00f3 particular<\/strong>.<\/p>\n<blockquote class=\"twitter-tweet\">\n<p dir=\"ltr\" lang=\"ca\">Vull donar personalment les gr\u00e0cies a aquest agent de la Policia Local i als seus companys per haver garantit el dret de representaci\u00f3 pol\u00edtica del regidor d&#8217;Alian\u00e7a Catalana, ahir, a Santpedor.<\/p>\n<p>Inadmissibles la intoler\u00e0ncia, totalitarisme i viol\u00e8ncia exercides x l&#8217;extrema\u2026 <a href=\"https:\/\/t.co\/S2ZU2AtFZe\">pic.twitter.com\/S2ZU2AtFZe<\/a><\/p>\n<p>\u2014 S\u00edlvia Orriols (@orriolsderipoll) <a href=\"https:\/\/twitter.com\/orriolsderipoll\/status\/2021479875232633094?ref_src=twsrc%5Etfw\">February 11, 2026<\/a><\/p><\/blockquote>\n<p><script async src=\"https:\/\/platform.twitter.com\/widgets.js\" charset=\"utf-8\"><\/script><\/p>\n<p data-path-to-node=\"8\">M\u00e9s enll\u00e0 de la publicaci\u00f3 a les xarxes, Orriols ha anat un pas m\u00e9s enll\u00e0 en una intervenci\u00f3 al Parlament on ha interpel\u00b7lat directament el Govern. La dirigent ha preguntat si l&#8217;executiu \u00e9s conscient que<strong> el &#8220;fals relat&#8221; creat contra Alian\u00e7a Catalana contribueix a la viol\u00e8ncia pol\u00edtica<\/strong>. En aquesta l\u00ednia, ha assenyalat el pacte antifeixista signat per Junts, Esquerra Republicana, Comuns i la CUP, assegurant que aquest acord &#8220;obre la veda&#8221; contra els seus militants. Fent refer\u00e8ncia expressa als fets del municipi, <strong>ha acusat directament<\/strong> <strong>&#8220;els extremistes de la CUP&#8221; d&#8217;intentar paralitzar el ple municipal i d&#8217;agredir agents de la Policia Local i dels Mossos d&#8217;Esquadra per impedir la presa de possessi\u00f3 de l&#8217;acta<\/strong>. La seva intervenci\u00f3 ha concl\u00f2s amb un missatge clar cap als seus detractors, afirmant que<strong> farien b\u00e9 de repreguntar-se &#8220;qu\u00e8 \u00e9s, veritablement, el feixisme i qui s\u00f3n, realment, els feixistes&#8221;.<\/strong><\/p>\n<blockquote class=\"twitter-tweet\" data-media-max-width=\"560\">\n<p dir=\"ltr\" lang=\"ca\">Despr\u00e9s de l&#8217;atac de l&#8217;extrema esquerra anit a Santpedor per impedir que el regidor d&#8217;Alian\u00e7a Catalana prengu\u00e9s possessi\u00f3 de l&#8217;acta, S\u00edlvia <a href=\"https:\/\/twitter.com\/orriolsderipoll?ref_src=twsrc%5Etfw\">@orriolsderipoll<\/a> respon: &#8220;Farien b\u00e9 de repensar-se qu\u00e8 \u00e9s veritablement el feixisme i qui s\u00f3n, realment, els feixistes&#8221;.<\/p>\n<p>&#x1f499;<a href=\"https:\/\/twitter.com\/hashtag\/SalvemCatalunya?src=hash&amp;ref_src=twsrc%5Etfw\">#SalvemCatalunya<\/a> <a href=\"https:\/\/t.co\/p6zvaYDNJX\">pic.twitter.com\/p6zvaYDNJX<\/a><\/p>\n<p>\u2014 Alian\u00e7a Catalana (@CatalunyaAC) <a href=\"https:\/\/twitter.com\/CatalunyaAC\/status\/2021533929690570772?ref_src=twsrc%5Etfw\">February 11, 2026<\/a><\/p><\/blockquote>\n<p><script async src=\"https:\/\/platform.twitter.com\/widgets.js\" charset=\"utf-8\"><\/script><\/p>\n<p data-path-to-node=\"1\">Els fets tamb\u00e9 han generat reaccions contraposades des de diferents formacions pol\u00edtiques a escala nacional. D&#8217;una banda, el diputat de la <strong>CUP al Parlament, Xavier Pellicer<\/strong>, ha utilitzat la xarxa social X per enviar el seu suport a l&#8217;exregidor detingut i a tot el &#8220;moviment antifeixista&#8221;, carregant durament contra l&#8217;actuaci\u00f3 policial. En el seu missatge, Pellicer ha acusat els Mossos d&#8217;Esquadra de defensar l&#8217;extrema dreta i de &#8220;perseguir la mobilitzaci\u00f3 popular&#8221;, mentre que ha retret a la Policia Local impedir la tasca d&#8217;un c\u00e0rrec electe, advertint que tots dos cossos &#8220;hauran de donar explicacions&#8221;.<\/p>\n<blockquote class=\"twitter-tweet\">\n<p dir=\"ltr\" lang=\"ca\">Tot el suport a la <a href=\"https:\/\/twitter.com\/CUP_Santpedor?ref_src=twsrc%5Etfw\">@CUP_Santpedor<\/a> i al moviment antifeixista. De nou Mossos defensant l&#8217;extrema dreta i perseguint la mobilitzaci\u00f3 popular mentre la policia local impedeix la tasca d&#8217;un electe. Hauran de donar explicacions.<\/p>\n<p>Llibertat immediata del detingut, no passaran. <a href=\"https:\/\/t.co\/gWOuehomPD\">https:\/\/t.co\/gWOuehomPD<\/a><\/p>\n<p>\u2014 Xavi Pellicer (@XaviPalli) <a href=\"https:\/\/twitter.com\/XaviPalli\/status\/2021319873708634250?ref_src=twsrc%5Etfw\">February 10, 2026<\/a><\/p><\/blockquote>\n<p><script async src=\"https:\/\/platform.twitter.com\/widgets.js\" charset=\"utf-8\"><\/script><\/p>\n<p data-path-to-node=\"1\">Per la seva banda, des d&#8217;un prisma ideol\u00f2gic oposat, el l\u00edder del Partit Popular a Catalunya, Alejandro Fern\u00e1ndez, ha lamentat els aldarulls a trav\u00e9s de la mateixa plataforma. Fern\u00e1ndez ha subratllat que &#8220;impedir amb viol\u00e8ncia la presa de possessi\u00f3 d&#8217;un regidor, com ha passat a Santpedor, \u00e9s inadmissible&#8221;, expressant una condemna absoluta i &#8220;sense matisos&#8221; cap a l&#8217;actuaci\u00f3 dels manifestants.<\/p>\n<blockquote class=\"twitter-tweet\">\n<p dir=\"ltr\" lang=\"ca\">Impedir amb viol\u00e8ncia la presa de possessi\u00f3 d&#8217;un regidor, com ha passat a Santpedor, \u00e9s INADMISIBLE.<br \/>\nHo condemnem sense matisos.<\/p>\n<p>\u2014 Alejandro Fern\u00e1ndez (@alejandroTGN) <a href=\"https:\/\/twitter.com\/alejandroTGN\/status\/2021543314739347799?ref_src=twsrc%5Etfw\">February 11, 2026<\/a><\/p><\/blockquote>\n<p><script async src=\"https:\/\/platform.twitter.com\/widgets.js\" charset=\"utf-8\"><\/script><\/p>\n<p data-path-to-node=\"9\">Totes aquestes reaccions arriben l&#8217;endem\u00e0 d&#8217;<strong>un ple municipal marcat per una forta tensi\u00f3 i un ampli desplegament policial a la localitat<\/strong>. El detonant va ser l&#8217;entrada al consistori de<strong> Jordi Soteras com a regidor no adscrit<\/strong>. Soteras, que actualment \u00e9s el vicepresident comarcal d&#8217;Alian\u00e7a Catalana, es va presentar a les eleccions municipals de <strong>2023<\/strong> sota les sigles de la coalici\u00f3 <strong>Sumem per Santpedor-Junts<\/strong>. La seva arribada a l&#8217;Ajuntament es va produir de manera inusual, arran de la dimissi\u00f3 del regidor Jordi Rojas i <strong>la ren\u00fancia en cadena de les sis persones de la llista que el precedien<\/strong>, un fet que va obrir la porta a l&#8217;entrada d&#8217;un c\u00e0rrec org\u00e0nic d&#8217;Alian\u00e7a Catalana.<\/p>\n<p data-path-to-node=\"10\">Aquesta situaci\u00f3 va desencadenar una <strong>mobilitzaci\u00f3 antifeixista a les portes de la Capella de Sant Andreu<\/strong>, on se celebrava la sessi\u00f3. Una cinquantena de persones es van concentrar a l&#8217;exterior per mostrar el seu rebuig, <strong>fet que va obligar la Policia Local i els Mossos d&#8217;Esquadra a blindar l&#8217;acc\u00e9s i a fer entrar els militants d&#8217;Alian\u00e7a Catalana per una porta lateral<\/strong>. Durant la concentraci\u00f3 es van viure <strong>moments de molta tensi\u00f3<\/strong> que van derivar en <strong>enfrontaments, c\u00e0rregues policials i la detenci\u00f3 d&#8217;Aniol Vila, exregidor i excap de llista de la CUP a Santpedor l&#8217;any 2019<\/strong>. Com a mesura de protesta pels fets, els actuals representants cupaires van abandonar la sessi\u00f3 plen\u00e0ria en el moment de la presa de possessi\u00f3 de Soteras. De moment,<strong> l&#8217;Ajuntament no s&#8217;ha pronunciat sobre la petici\u00f3 de personar-se com a acusaci\u00f3 particular<\/strong> formulada per Orriols.<\/p>\n","protected":false},"excerpt":{"rendered":"<p>La presidenta d&#8217;Alian\u00e7a Catalana exigeix a l&#8217;Ajuntament que es personi contra Rub\u00e8n L\u00f3pez i assenyala a la CUP pels aldarulls durant la investidura del regidor Jordi Soteras<\/p>\n","protected":false},"author":675,"featured_media":15498,"comment_status":"open","ping_status":"closed","sticky":false,"template":"","format":"standard","meta":{"footnotes":""},"categories":[136],"tags":[],"class_list":{"0":"post-15497","1":"post","2":"type-post","3":"status-publish","4":"format-standard","5":"has-post-thumbnail","7":"category-politica-i-economia"},"_links":{"self":[{"href":"https:\/\/santpedor.net\/radio\/wp-json\/wp\/v2\/posts\/15497","targetHints":{"allow":["GET"]}}],"collection":[{"href":"https:\/\/santpedor.net\/radio\/wp-json\/wp\/v2\/posts"}],"about":[{"href":"https:\/\/santpedor.net\/radio\/wp-json\/wp\/v2\/types\/post"}],"author":[{"embeddable":true,"href":"https:\/\/santpedor.net\/radio\/wp-json\/wp\/v2\/users\/675"}],"replies":[{"embeddable":true,"href":"https:\/\/santpedor.net\/radio\/wp-json\/wp\/v2\/comments?post=15497"}],"version-history":[{"count":0,"href":"https:\/\/santpedor.net\/radio\/wp-json\/wp\/v2\/posts\/15497\/revisions"}],"wp:featuredmedia":[{"embeddable":true,"href":"https:\/\/santpedor.net\/radio\/wp-json\/wp\/v2\/media\/15498"}],"wp:attachment":[{"href":"https:\/\/santpedor.net\/radio\/wp-json\/wp\/v2\/media?parent=15497"}],"wp:term":[{"taxonomy":"category","embeddable":true,"href":"https:\/\/santpedor.net\/radio\/wp-json\/wp\/v2\/categories?post=15497"},{"taxonomy":"post_tag","embeddable":true,"href":"https:\/\/santpedor.net\/radio\/wp-json\/wp\/v2\/tags?post=15497"}],"curies":[{"name":"wp","href":"https:\/\/api.w.org\/{rel}","templated":true}]}}