{"id":15502,"date":"2026-02-13T17:15:21","date_gmt":"2026-02-13T16:15:21","guid":{"rendered":"https:\/\/santpedor.net\/radio\/?p=15502"},"modified":"2026-02-13T17:15:21","modified_gmt":"2026-02-13T16:15:21","slug":"linformatiu-13-02-2026","status":"publish","type":"post","link":"https:\/\/santpedor.net\/radio\/linformatiu-13-02-2026\/","title":{"rendered":"L&#8217;informatiu &#8211; 13\/02\/2026"},"content":{"rendered":"<div class=\"mb-3\">\n<div data-v-fe2ba2be=\"\">\n<p class=\"text-truncate-5\" data-v-fe2ba2be=\"\">L\u2019Informatiu del divendres 13 de febrer del 2026 ve marcat per un dels plens m\u00e9s tensos que es recorden a Santpedor, amb la presa de possessi\u00f3 de Jordi Soteras com a regidor no adscrit, protestes a l\u2019exterior de la Capella de Sant Andreu, intervenci\u00f3 policial i reaccions pol\u00edtiques a nivell local i nacional. Repassem tamb\u00e9 les principals decisions del ple, l\u2019entrevista al nou regidor, les novetats del Carnestoltes amb afectacions al tr\u00e0nsit, l\u2019agenda cultural, l\u2019actualitat comarcal, els esports i la previsi\u00f3 del temps per al cap de setmana.<\/p>\n<p><iframe loading=\"lazy\" src=\"https:\/\/www.ivoox.com\/player_ej_168361442_6_1.html?c1=c5d067\" width=\"100%\" height=\"200\" frameborder=\"0\" scrolling=\"no\" allowfullscreen=\"allowfullscreen\"><\/iframe><\/p>\n<\/div>\n<\/div>\n","protected":false},"excerpt":{"rendered":"<p>L\u2019Informatiu del divendres 13 de febrer del 2026 ve marcat per un dels plens m\u00e9s tensos que es recorden a Santpedor, amb la presa de possessi\u00f3 de Jordi Soteras com a regidor no adscrit, protestes a l\u2019exterior de la Capella de Sant Andreu, intervenci\u00f3 policial i reaccions pol\u00edtiques a nivell local i nacional. Repassem tamb\u00e9 [&hellip;]<\/p>\n","protected":false},"author":1,"featured_media":15462,"comment_status":"open","ping_status":"closed","sticky":false,"template":"","format":"standard","meta":{"footnotes":""},"categories":[1237],"tags":[],"class_list":{"0":"post-15502","1":"post","2":"type-post","3":"status-publish","4":"format-standard","5":"has-post-thumbnail","7":"category-informatiu"},"_links":{"self":[{"href":"https:\/\/santpedor.net\/radio\/wp-json\/wp\/v2\/posts\/15502","targetHints":{"allow":["GET"]}}],"collection":[{"href":"https:\/\/santpedor.net\/radio\/wp-json\/wp\/v2\/posts"}],"about":[{"href":"https:\/\/santpedor.net\/radio\/wp-json\/wp\/v2\/types\/post"}],"author":[{"embeddable":true,"href":"https:\/\/santpedor.net\/radio\/wp-json\/wp\/v2\/users\/1"}],"replies":[{"embeddable":true,"href":"https:\/\/santpedor.net\/radio\/wp-json\/wp\/v2\/comments?post=15502"}],"version-history":[{"count":0,"href":"https:\/\/santpedor.net\/radio\/wp-json\/wp\/v2\/posts\/15502\/revisions"}],"wp:featuredmedia":[{"embeddable":true,"href":"https:\/\/santpedor.net\/radio\/wp-json\/wp\/v2\/media\/15462"}],"wp:attachment":[{"href":"https:\/\/santpedor.net\/radio\/wp-json\/wp\/v2\/media?parent=15502"}],"wp:term":[{"taxonomy":"category","embeddable":true,"href":"https:\/\/santpedor.net\/radio\/wp-json\/wp\/v2\/categories?post=15502"},{"taxonomy":"post_tag","embeddable":true,"href":"https:\/\/santpedor.net\/radio\/wp-json\/wp\/v2\/tags?post=15502"}],"curies":[{"name":"wp","href":"https:\/\/api.w.org\/{rel}","templated":true}]}}