{"id":15507,"date":"2026-02-15T11:47:52","date_gmt":"2026-02-15T10:47:52","guid":{"rendered":"https:\/\/santpedor.net\/radio\/?p=15507"},"modified":"2026-02-15T11:48:59","modified_gmt":"2026-02-15T10:48:59","slug":"bon-dia-catalunya-central-15-02-2026","status":"publish","type":"post","link":"https:\/\/santpedor.net\/radio\/bon-dia-catalunya-central-15-02-2026\/","title":{"rendered":"Bon dia, Catalunya Central &#8211; 15\/02\/2026"},"content":{"rendered":"<p><strong> L&#8217;hora informativa (9.00-10.00)<\/strong><br \/>\nAvui al programa hem entrevistat a Rub\u00e8n L\u00f3pez, de la CUP Santpedor, per parlar sobre el ple de presa de possessi\u00f3 de Jordi Soteras del passat dimarts. Tamb\u00e9 repassem l&#8217;actualitat local i internacional. <\/p>\n<p><strong> La segona hora<\/strong><br \/>\nRecuperem una secci\u00f3 estiuenca del Sergi Cunill. <\/p>\n<p><iframe src=\"https:\/\/www.ivoox.com\/player_ej_168415943_6_1.html?c1=fc7c05\" width=\"100%\" height=\"200\" frameborder=\"0\" allowfullscreen=\"\" scrolling=\"no\" loading=\"lazy\"><\/iframe><\/p>\n","protected":false},"excerpt":{"rendered":"<p>L&#8217;hora informativa (9.00-10.00) Avui al programa hem entrevistat a Rub\u00e8n L\u00f3pez, de la CUP Santpedor, per parlar sobre el ple de presa de possessi\u00f3 de Jordi Soteras del passat dimarts. Tamb\u00e9 repassem l&#8217;actualitat local i internacional. La segona hora Recuperem una secci\u00f3 estiuenca del Sergi Cunill.<\/p>\n","protected":false},"author":1,"featured_media":15508,"comment_status":"open","ping_status":"closed","sticky":false,"template":"","format":"standard","meta":{"footnotes":""},"categories":[1294,535],"tags":[],"class_list":{"0":"post-15507","1":"post","2":"type-post","3":"status-publish","4":"format-standard","5":"has-post-thumbnail","7":"category-bondiacatcentral","8":"category-programes"},"_links":{"self":[{"href":"https:\/\/santpedor.net\/radio\/wp-json\/wp\/v2\/posts\/15507","targetHints":{"allow":["GET"]}}],"collection":[{"href":"https:\/\/santpedor.net\/radio\/wp-json\/wp\/v2\/posts"}],"about":[{"href":"https:\/\/santpedor.net\/radio\/wp-json\/wp\/v2\/types\/post"}],"author":[{"embeddable":true,"href":"https:\/\/santpedor.net\/radio\/wp-json\/wp\/v2\/users\/1"}],"replies":[{"embeddable":true,"href":"https:\/\/santpedor.net\/radio\/wp-json\/wp\/v2\/comments?post=15507"}],"version-history":[{"count":0,"href":"https:\/\/santpedor.net\/radio\/wp-json\/wp\/v2\/posts\/15507\/revisions"}],"wp:featuredmedia":[{"embeddable":true,"href":"https:\/\/santpedor.net\/radio\/wp-json\/wp\/v2\/media\/15508"}],"wp:attachment":[{"href":"https:\/\/santpedor.net\/radio\/wp-json\/wp\/v2\/media?parent=15507"}],"wp:term":[{"taxonomy":"category","embeddable":true,"href":"https:\/\/santpedor.net\/radio\/wp-json\/wp\/v2\/categories?post=15507"},{"taxonomy":"post_tag","embeddable":true,"href":"https:\/\/santpedor.net\/radio\/wp-json\/wp\/v2\/tags?post=15507"}],"curies":[{"name":"wp","href":"https:\/\/api.w.org\/{rel}","templated":true}]}}