{"id":15509,"date":"2026-02-15T12:42:15","date_gmt":"2026-02-15T11:42:15","guid":{"rendered":"https:\/\/santpedor.net\/radio\/?p=15509"},"modified":"2026-02-15T12:43:55","modified_gmt":"2026-02-15T11:43:55","slug":"santpedor-en-clau-febrer-2026","status":"publish","type":"post","link":"https:\/\/santpedor.net\/radio\/santpedor-en-clau-febrer-2026\/","title":{"rendered":"Santpedor en Clau &#8211; febrer 2026"},"content":{"rendered":"<p><iframe loading=\"lazy\" src=\"https:\/\/www.ivoox.com\/player_ej_168417044_6_1.html?c1=6b6b6b\" width=\"100%\" height=\"200\" frameborder=\"0\" scrolling=\"no\" allowfullscreen=\"allowfullscreen\"><\/iframe><\/p>\n<p>En aquest episodi del Santpedor en Clau analitzem un dels plens municipals m\u00e9s tensos i excepcionals dels darrers anys a Santpedor. Una sessi\u00f3 marcada per la protesta al carrer contra l\u2019entrada d\u2019un c\u00e0rrec vinculat a Alian\u00e7a Catalana, la forta pres\u00e8ncia policial i la detenci\u00f3 de l\u2019exregidor Aniol Vila a les portes de l\u2019Ajuntament, fet que va provocar la sortida de la CUP del ple.<\/p>\n<p>Amb un govern en minoria i un nou regidor no adscrit a la taula, l\u2019aritm\u00e8tica municipal es va demostrar fr\u00e0gil. La votaci\u00f3 ajustada sobre la coberta de Cal Llovet (1,3 milions d\u2019euros) va evidenciar fins a quin punt cada vot pot ser decisiu, especialment en un context sense pressupost aprovat per al 2026.<\/p>\n<p>Tamb\u00e9 abordem altres q\u00fcestions clau del ple: la modificaci\u00f3 de l\u2019ordenan\u00e7a de la Resid\u00e8ncia Can Jorba i el conflicte amb l\u2019empresa concession\u00e0ria.<\/p>\n<p>Amb la participaci\u00f3 de l\u2019alcalde Agust\u00ed Comas (ERC), Rub\u00e8n L\u00f3pez (CUP) i Roser Llobera (Sumem), analitzem les conseq\u00fc\u00e8ncies pol\u00edtiques, institucionals i socials d\u2019un ple que pot marcar un punt d\u2019inflexi\u00f3 en el mandat.<\/p>\n","protected":false},"excerpt":{"rendered":"<p>En aquest episodi del Santpedor en Clau analitzem un dels plens municipals m\u00e9s tensos i excepcionals dels darrers anys a Santpedor. Una sessi\u00f3 marcada per la protesta al carrer contra l\u2019entrada d\u2019un c\u00e0rrec vinculat a Alian\u00e7a Catalana, la forta pres\u00e8ncia policial i la detenci\u00f3 de l\u2019exregidor Aniol Vila a les portes de l\u2019Ajuntament, fet que [&hellip;]<\/p>\n","protected":false},"author":1,"featured_media":15510,"comment_status":"open","ping_status":"closed","sticky":false,"template":"","format":"standard","meta":{"footnotes":""},"categories":[1244],"tags":[],"class_list":{"0":"post-15509","1":"post","2":"type-post","3":"status-publish","4":"format-standard","5":"has-post-thumbnail","7":"category-santpedor-en-clau"},"_links":{"self":[{"href":"https:\/\/santpedor.net\/radio\/wp-json\/wp\/v2\/posts\/15509","targetHints":{"allow":["GET"]}}],"collection":[{"href":"https:\/\/santpedor.net\/radio\/wp-json\/wp\/v2\/posts"}],"about":[{"href":"https:\/\/santpedor.net\/radio\/wp-json\/wp\/v2\/types\/post"}],"author":[{"embeddable":true,"href":"https:\/\/santpedor.net\/radio\/wp-json\/wp\/v2\/users\/1"}],"replies":[{"embeddable":true,"href":"https:\/\/santpedor.net\/radio\/wp-json\/wp\/v2\/comments?post=15509"}],"version-history":[{"count":0,"href":"https:\/\/santpedor.net\/radio\/wp-json\/wp\/v2\/posts\/15509\/revisions"}],"wp:featuredmedia":[{"embeddable":true,"href":"https:\/\/santpedor.net\/radio\/wp-json\/wp\/v2\/media\/15510"}],"wp:attachment":[{"href":"https:\/\/santpedor.net\/radio\/wp-json\/wp\/v2\/media?parent=15509"}],"wp:term":[{"taxonomy":"category","embeddable":true,"href":"https:\/\/santpedor.net\/radio\/wp-json\/wp\/v2\/categories?post=15509"},{"taxonomy":"post_tag","embeddable":true,"href":"https:\/\/santpedor.net\/radio\/wp-json\/wp\/v2\/tags?post=15509"}],"curies":[{"name":"wp","href":"https:\/\/api.w.org\/{rel}","templated":true}]}}