{"id":15517,"date":"2026-03-02T10:49:15","date_gmt":"2026-03-02T09:49:15","guid":{"rendered":"https:\/\/santpedor.net\/radio\/?p=15517"},"modified":"2026-03-04T12:25:56","modified_gmt":"2026-03-04T11:25:56","slug":"commemoracio-del-8-de-marc-amb-una-combinacio-de-memoria-historica-oci-i-teatre","status":"publish","type":"post","link":"https:\/\/santpedor.net\/radio\/commemoracio-del-8-de-marc-amb-una-combinacio-de-memoria-historica-oci-i-teatre\/","title":{"rendered":"Commemoraci\u00f3 del 8 de mar\u00e7 amb una combinaci\u00f3 de mem\u00f2ria hist\u00f2rica, oci i teatre"},"content":{"rendered":"<p data-path-to-node=\"3\">L&#8217;Ajuntament ha preparat una programaci\u00f3 especial per commemorar el Dia Internacional de les Dones que es concentrar\u00e0 durant <strong>tot el segon cap de setmana de mar\u00e7<\/strong> amb l&#8217;objectiu de fomentar el <strong>debat i l&#8217;empoderament femen\u00ed al municipi<\/strong>. Els actes comen\u00e7aran el <strong>dissabte dia 7 a les nou del mat\u00ed<\/strong> amb una proposta que barreja l&#8217;exercici f\u00edsic i la mem\u00f2ria hist\u00f2rica a trav\u00e9s de la <strong>visita guiada titulada \u201cLes dones santpedorenques i la S\u00e9quia\u201d<\/strong>. Aquesta caminada de<strong> sis quil\u00f2metres i mig<\/strong> ser\u00e0 condu\u00efda per la historiadora <strong>Mireia Vila Cortina<\/strong> i permetr\u00e0 als assistents con\u00e8ixer el <strong>recorregut real que feien les dones del poble a principis del segle XX<\/strong> per anar a rentar la roba als safaretjos del costat de cal Sequiaire.<\/p>\n<p data-path-to-node=\"4\">L&#8217;activitat continuar\u00e0 el mateix <strong>dissabte<\/strong> <strong>al<\/strong> <strong>migdia<\/strong> a la <strong>pla\u00e7a Gran U d&#8217;Octubre<\/strong> amb una de les grans novetats d&#8217;enguany com \u00e9s l&#8217;<strong>Escape City<\/strong> de tem\u00e0tica feminista. A partir de les <strong>onze i mitja<\/strong> i coincidint amb el Mercat de Proximitat s&#8217;iniciar\u00e0 aquest <strong>joc de pistes per grups que busca generar un espai formatiu i de reflexi\u00f3 a trav\u00e9s de la resoluci\u00f3 d&#8217;enigmes urbans<\/strong>. Per participar tant en la caminada com en el joc d&#8217;escapada \u00e9s necessari realitzar una <strong>inscripci\u00f3<\/strong> <strong>pr\u00e8via<\/strong> a trav\u00e9s del <a href=\"http:\/\/santpedor.cat\">formulari habilitat al web municipal<\/a>.<\/p>\n<p data-path-to-node=\"4\">\n<p data-path-to-node=\"5\">La vessant m\u00e9s social i comunit\u00e0ria de la celebraci\u00f3 vindr\u00e0 de la m\u00e0 de l&#8217;entitat de dones <strong>RESS\u00d2<\/strong> que ha organitzat el tradicional <strong>dinar de dissabte a les dues del migdia a Cal Llovet<\/strong>. El men\u00fa d&#8217;aquest any consistir\u00e0 en una paella mixta amb un preu de 18 euros i els tiquets es podran adquirir del 23 de febrer al 5 de mar\u00e7 a la llar d\u2019Avis Ca l\u2019Arola en horari de tarda. La mateixa entitat tamb\u00e9 ser\u00e0 l&#8217;encarregada de <strong>dinamitzar el ball de diumenge a la tarda a les cinc<\/strong> per mantenir el <strong>car\u00e0cter<\/strong> <strong>festiu<\/strong> de la celebraci\u00f3.<\/p>\n<p data-path-to-node=\"6\">El punt final a la programaci\u00f3 el posar\u00e0 el grup de <strong>teatre<\/strong> <strong>Paranys<\/strong> amb la representaci\u00f3 de l&#8217;obra \u201c<strong>Sota ter\u00e0pia<\/strong>\u201d a <strong>l&#8217;Auditori<\/strong> <strong>Convent<\/strong> el diumenge a les cinc de la tarda. Aquesta pe\u00e7a teatral presenta una s<strong>essi\u00f3 de ter\u00e0pia molt particular<\/strong> on tres parelles han d&#8217;intercanviar experi\u00e8ncies i frustracions sense la supervisi\u00f3 d&#8217;un professional fet que desencadenar\u00e0 situacions inesperades per als espectadors. Amb tot aquest ventall d&#8217;actes el consistori vol animar tota la ciutadania a <strong>combatre les desigualtats de g\u00e8nere<\/strong> i a participar d&#8217;una lluita hist\u00f2rica en defensa dels drets i el respecte mutu.<\/p>\n","protected":false},"excerpt":{"rendered":"<p>L&#8217;Ajuntament presenta una programaci\u00f3 farcida d&#8217;activitats per al cap de setmana del 7 i 8 de mar\u00e7 que inclou rutes guiades, un joc d&#8217;escapada urbana i el tradicional dinar de l&#8217;entitat RESS\u00d2<\/p>\n","protected":false},"author":675,"featured_media":15518,"comment_status":"open","ping_status":"closed","sticky":false,"template":"","format":"standard","meta":{"footnotes":""},"categories":[137],"tags":[],"class_list":{"0":"post-15517","1":"post","2":"type-post","3":"status-publish","4":"format-standard","5":"has-post-thumbnail","7":"category-societat"},"_links":{"self":[{"href":"https:\/\/santpedor.net\/radio\/wp-json\/wp\/v2\/posts\/15517","targetHints":{"allow":["GET"]}}],"collection":[{"href":"https:\/\/santpedor.net\/radio\/wp-json\/wp\/v2\/posts"}],"about":[{"href":"https:\/\/santpedor.net\/radio\/wp-json\/wp\/v2\/types\/post"}],"author":[{"embeddable":true,"href":"https:\/\/santpedor.net\/radio\/wp-json\/wp\/v2\/users\/675"}],"replies":[{"embeddable":true,"href":"https:\/\/santpedor.net\/radio\/wp-json\/wp\/v2\/comments?post=15517"}],"version-history":[{"count":0,"href":"https:\/\/santpedor.net\/radio\/wp-json\/wp\/v2\/posts\/15517\/revisions"}],"wp:featuredmedia":[{"embeddable":true,"href":"https:\/\/santpedor.net\/radio\/wp-json\/wp\/v2\/media\/15518"}],"wp:attachment":[{"href":"https:\/\/santpedor.net\/radio\/wp-json\/wp\/v2\/media?parent=15517"}],"wp:term":[{"taxonomy":"category","embeddable":true,"href":"https:\/\/santpedor.net\/radio\/wp-json\/wp\/v2\/categories?post=15517"},{"taxonomy":"post_tag","embeddable":true,"href":"https:\/\/santpedor.net\/radio\/wp-json\/wp\/v2\/tags?post=15517"}],"curies":[{"name":"wp","href":"https:\/\/api.w.org\/{rel}","templated":true}]}}