{"id":15519,"date":"2026-02-20T13:35:36","date_gmt":"2026-02-20T12:35:36","guid":{"rendered":"https:\/\/santpedor.net\/radio\/?p=15519"},"modified":"2026-02-20T08:58:17","modified_gmt":"2026-02-20T07:58:17","slug":"linformatiu-20-02-2026","status":"publish","type":"post","link":"https:\/\/santpedor.net\/radio\/linformatiu-20-02-2026\/","title":{"rendered":"L&#8217;informatiu &#8211; 20\/02\/2026"},"content":{"rendered":"<p><iframe loading=\"lazy\" src=\"https:\/\/www.ivoox.com\/player_ej_168749373_6_1.html?c1=6b6b6b\" width=\"100%\" height=\"200\" frameborder=\"0\" scrolling=\"no\" allowfullscreen=\"allowfullscreen\"><\/iframe><\/p>\n<p>L\u2019informatiu d\u2019aquest divendres 20 de febrer repassa l\u2019actualitat de Santpedor i la comarca amb l\u2019obertura de la licitaci\u00f3 del nou contracte de manteniment de l\u2019enllumenat p\u00fablic, la convocat\u00f2ria d\u2019eleccions agr\u00e0ries pel 27 de febrer i la programaci\u00f3 del 8M al municipi. Tamb\u00e9 destaquem les jornades de portes obertes als centres educatius, la nova exposici\u00f3 Lledonarts a la Biblioteca, el debut ol\u00edmpic de la santpedorenca Maria Costa i l\u2019aniversari del Kursaal de Manresa. El programa es completa amb l\u2019agenda cultural, l\u2019actualitat comarcal, l\u2019entrevista sobre la Festa de Sant Antoni i la previsi\u00f3 del temps pel cap de setmana.<\/p>\n","protected":false},"excerpt":{"rendered":"<p>L\u2019informatiu d\u2019aquest divendres 20 de febrer repassa l\u2019actualitat de Santpedor i la comarca amb l\u2019obertura de la licitaci\u00f3 del nou contracte de manteniment de l\u2019enllumenat p\u00fablic, la convocat\u00f2ria d\u2019eleccions agr\u00e0ries pel 27 de febrer i la programaci\u00f3 del 8M al municipi. Tamb\u00e9 destaquem les jornades de portes obertes als centres educatius, la nova exposici\u00f3 Lledonarts [&hellip;]<\/p>\n","protected":false},"author":675,"featured_media":15462,"comment_status":"open","ping_status":"closed","sticky":false,"template":"","format":"standard","meta":{"footnotes":""},"categories":[1237],"tags":[],"class_list":{"0":"post-15519","1":"post","2":"type-post","3":"status-publish","4":"format-standard","5":"has-post-thumbnail","7":"category-informatiu"},"_links":{"self":[{"href":"https:\/\/santpedor.net\/radio\/wp-json\/wp\/v2\/posts\/15519","targetHints":{"allow":["GET"]}}],"collection":[{"href":"https:\/\/santpedor.net\/radio\/wp-json\/wp\/v2\/posts"}],"about":[{"href":"https:\/\/santpedor.net\/radio\/wp-json\/wp\/v2\/types\/post"}],"author":[{"embeddable":true,"href":"https:\/\/santpedor.net\/radio\/wp-json\/wp\/v2\/users\/675"}],"replies":[{"embeddable":true,"href":"https:\/\/santpedor.net\/radio\/wp-json\/wp\/v2\/comments?post=15519"}],"version-history":[{"count":0,"href":"https:\/\/santpedor.net\/radio\/wp-json\/wp\/v2\/posts\/15519\/revisions"}],"wp:featuredmedia":[{"embeddable":true,"href":"https:\/\/santpedor.net\/radio\/wp-json\/wp\/v2\/media\/15462"}],"wp:attachment":[{"href":"https:\/\/santpedor.net\/radio\/wp-json\/wp\/v2\/media?parent=15519"}],"wp:term":[{"taxonomy":"category","embeddable":true,"href":"https:\/\/santpedor.net\/radio\/wp-json\/wp\/v2\/categories?post=15519"},{"taxonomy":"post_tag","embeddable":true,"href":"https:\/\/santpedor.net\/radio\/wp-json\/wp\/v2\/tags?post=15519"}],"curies":[{"name":"wp","href":"https:\/\/api.w.org\/{rel}","templated":true}]}}