{"id":15522,"date":"2026-02-22T12:29:25","date_gmt":"2026-02-22T11:29:25","guid":{"rendered":"https:\/\/santpedor.net\/radio\/?p=15522"},"modified":"2026-02-21T17:55:42","modified_gmt":"2026-02-21T16:55:42","slug":"el-gronxador-febrer-2026","status":"publish","type":"post","link":"https:\/\/santpedor.net\/radio\/el-gronxador-febrer-2026\/","title":{"rendered":"El Gronxador &#8211; febrer 2026"},"content":{"rendered":"<p><iframe src=\"https:\/\/www.ivoox.com\/player_ej_168827328_6_1.html?c1=c5d067\" width=\"100%\" height=\"200\" frameborder=\"0\" allowfullscreen=\"\" scrolling=\"no\" loading=\"lazy\"><\/iframe><\/p>\n<p>Comencem amb l\u2019Escola Municipal de M\u00fasica, amb dues interpretacions de piano a c\u00e0rrec de Valentina Casanovas i Laia S\u00e1nchez, i continuem amb l\u2019Escola Riu d\u2019Or, on l\u2019alumnat de prim\u00e0ria ens ofereix un conte d\u2019hivern, dites de primavera, una improvisaci\u00f3 radiof\u00f2nica en directe i un p\u00f2dcast musical amb refer\u00e8ncies a grups i artistes catalans actuals.<\/p>\n<p>Tanquem el programa amb l\u2019Escola Jeroni de Moragas, amb la participaci\u00f3 dels alumnes de Transici\u00f3 a la Vida Adulta, que ens expliquen tot el que cal saber sobre el Carnestoltes. Una hora de r\u00e0dio feta des de les aules, que posa en valor la veu i el treball dels m\u00e9s joves.<\/p>\n","protected":false},"excerpt":{"rendered":"<p>Comencem amb l\u2019Escola Municipal de M\u00fasica, amb dues interpretacions de piano a c\u00e0rrec de Valentina Casanovas i Laia S\u00e1nchez, i continuem amb l\u2019Escola Riu d\u2019Or, on l\u2019alumnat de prim\u00e0ria ens ofereix un conte d\u2019hivern, dites de primavera, una improvisaci\u00f3 radiof\u00f2nica en directe i un p\u00f2dcast musical amb refer\u00e8ncies a grups i artistes catalans actuals. Tanquem [&hellip;]<\/p>\n","protected":false},"author":675,"featured_media":15084,"comment_status":"open","ping_status":"closed","sticky":false,"template":"","format":"standard","meta":{"footnotes":""},"categories":[616],"tags":[],"class_list":{"0":"post-15522","1":"post","2":"type-post","3":"status-publish","4":"format-standard","5":"has-post-thumbnail","7":"category-el-gronxador"},"_links":{"self":[{"href":"https:\/\/santpedor.net\/radio\/wp-json\/wp\/v2\/posts\/15522","targetHints":{"allow":["GET"]}}],"collection":[{"href":"https:\/\/santpedor.net\/radio\/wp-json\/wp\/v2\/posts"}],"about":[{"href":"https:\/\/santpedor.net\/radio\/wp-json\/wp\/v2\/types\/post"}],"author":[{"embeddable":true,"href":"https:\/\/santpedor.net\/radio\/wp-json\/wp\/v2\/users\/675"}],"replies":[{"embeddable":true,"href":"https:\/\/santpedor.net\/radio\/wp-json\/wp\/v2\/comments?post=15522"}],"version-history":[{"count":0,"href":"https:\/\/santpedor.net\/radio\/wp-json\/wp\/v2\/posts\/15522\/revisions"}],"wp:featuredmedia":[{"embeddable":true,"href":"https:\/\/santpedor.net\/radio\/wp-json\/wp\/v2\/media\/15084"}],"wp:attachment":[{"href":"https:\/\/santpedor.net\/radio\/wp-json\/wp\/v2\/media?parent=15522"}],"wp:term":[{"taxonomy":"category","embeddable":true,"href":"https:\/\/santpedor.net\/radio\/wp-json\/wp\/v2\/categories?post=15522"},{"taxonomy":"post_tag","embeddable":true,"href":"https:\/\/santpedor.net\/radio\/wp-json\/wp\/v2\/tags?post=15522"}],"curies":[{"name":"wp","href":"https:\/\/api.w.org\/{rel}","templated":true}]}}