{"id":15528,"date":"2026-02-27T16:32:51","date_gmt":"2026-02-27T15:32:51","guid":{"rendered":"https:\/\/santpedor.net\/radio\/?p=15528"},"modified":"2026-02-27T16:32:51","modified_gmt":"2026-02-27T15:32:51","slug":"linformatiu-27-02-2026","status":"publish","type":"post","link":"https:\/\/santpedor.net\/radio\/linformatiu-27-02-2026\/","title":{"rendered":"L&#8217;informatiu &#8211; 27\/02\/2026"},"content":{"rendered":"<p><iframe loading=\"lazy\" src=\"https:\/\/www.ivoox.com\/player_ej_169234537_6_1.html?c1=c5d067\" width=\"100%\" height=\"200\" frameborder=\"0\" scrolling=\"no\" allowfullscreen=\"allowfullscreen\"><\/iframe><\/p>\n<p>Santpedor ja t\u00e9 aprovat el primer Programa d\u2019Actuaci\u00f3 Municipal d\u2019Habitatge 2026-2030, amb 33 accions per millorar l\u2019acc\u00e9s a l\u2019habitatge i impulsar un projecte de cohabitatge per a la gent gran a l\u2019edifici de Sant Josep. En l\u2019\u00e0mbit pol\u00edtic, la CUP denuncia que la concession\u00e0ria de la Resid\u00e8ncia Cal Jorba no presenta els comptes des del 2014. Aquest dissabte acaba el termini per recollir els cubells i la targeta de la nova Taxa Justa de residus, i avui es tanca la presentaci\u00f3 de propostes als Pressupostos Participatius, dotats amb 50.000 euros.<\/p>\n<p>Tamb\u00e9 repassem les portes obertes dels centres educatius, l\u2019activitat del cap de setmana a R\u00e0dio Santpedor i l\u2019agenda cultural. A nivell comarcal i nacional, destaquem la negociaci\u00f3 dels pressupostos, la visita del Papa a Catalunya al juny, la defensa de la regularitzaci\u00f3 extraordin\u00e0ria de migrants per part de C\u00e0ritas, la baixada de la mortalitat a les carreteres de la Catalunya Central i l\u2019estrena d\u2019un nou espectacle familiar de la companyia Sgratta. L\u2019informatiu inclou entrevista amb Nadia Abarkan sobre el projecte \u2018\u00c0vies del segle XXI\u2019 i la previsi\u00f3 del temps.<\/p>\n","protected":false},"excerpt":{"rendered":"<p>Santpedor ja t\u00e9 aprovat el primer Programa d\u2019Actuaci\u00f3 Municipal d\u2019Habitatge 2026-2030, amb 33 accions per millorar l\u2019acc\u00e9s a l\u2019habitatge i impulsar un projecte de cohabitatge per a la gent gran a l\u2019edifici de Sant Josep. En l\u2019\u00e0mbit pol\u00edtic, la CUP denuncia que la concession\u00e0ria de la Resid\u00e8ncia Cal Jorba no presenta els comptes des del [&hellip;]<\/p>\n","protected":false},"author":1,"featured_media":15462,"comment_status":"open","ping_status":"closed","sticky":false,"template":"","format":"standard","meta":{"footnotes":""},"categories":[1237],"tags":[],"class_list":{"0":"post-15528","1":"post","2":"type-post","3":"status-publish","4":"format-standard","5":"has-post-thumbnail","7":"category-informatiu"},"_links":{"self":[{"href":"https:\/\/santpedor.net\/radio\/wp-json\/wp\/v2\/posts\/15528","targetHints":{"allow":["GET"]}}],"collection":[{"href":"https:\/\/santpedor.net\/radio\/wp-json\/wp\/v2\/posts"}],"about":[{"href":"https:\/\/santpedor.net\/radio\/wp-json\/wp\/v2\/types\/post"}],"author":[{"embeddable":true,"href":"https:\/\/santpedor.net\/radio\/wp-json\/wp\/v2\/users\/1"}],"replies":[{"embeddable":true,"href":"https:\/\/santpedor.net\/radio\/wp-json\/wp\/v2\/comments?post=15528"}],"version-history":[{"count":0,"href":"https:\/\/santpedor.net\/radio\/wp-json\/wp\/v2\/posts\/15528\/revisions"}],"wp:featuredmedia":[{"embeddable":true,"href":"https:\/\/santpedor.net\/radio\/wp-json\/wp\/v2\/media\/15462"}],"wp:attachment":[{"href":"https:\/\/santpedor.net\/radio\/wp-json\/wp\/v2\/media?parent=15528"}],"wp:term":[{"taxonomy":"category","embeddable":true,"href":"https:\/\/santpedor.net\/radio\/wp-json\/wp\/v2\/categories?post=15528"},{"taxonomy":"post_tag","embeddable":true,"href":"https:\/\/santpedor.net\/radio\/wp-json\/wp\/v2\/tags?post=15528"}],"curies":[{"name":"wp","href":"https:\/\/api.w.org\/{rel}","templated":true}]}}