{"id":15545,"date":"2026-02-27T21:50:22","date_gmt":"2026-02-27T20:50:22","guid":{"rendered":"https:\/\/santpedor.net\/radio\/?p=15545"},"modified":"2026-02-27T22:06:10","modified_gmt":"2026-02-27T21:06:10","slug":"politica-faraons-i-debats-juvenils-la-tarda-i-el-busca-raons-sacsegen-el-cap-de-setmana-a-radio-santpedor","status":"publish","type":"post","link":"https:\/\/santpedor.net\/radio\/politica-faraons-i-debats-juvenils-la-tarda-i-el-busca-raons-sacsegen-el-cap-de-setmana-a-radio-santpedor\/","title":{"rendered":"Pol\u00edtica, faraons i debats juvenils: \u2018La Tarda\u2019 i \u2018El Busca-raons\u2019 sacsegen el cap de setmana a R\u00e0dio Santpedor"},"content":{"rendered":"<div id=\"model-response-message-contentr_a1261ea46fb8c75b\" class=\"markdown markdown-main-panel stronger enable-updated-hr-color preserve-whitespaces-in-response\" dir=\"ltr\" aria-live=\"off\" aria-busy=\"false\">\n<p data-path-to-node=\"3\">R\u00e0dio Santpedor es prepara per afrontar un dels caps de setmana amb m\u00e9s producci\u00f3 pr\u00f2pia de la temporada, marcat per l\u2019actualitat m\u00e9s rigorosa i el retorn dels espais de participaci\u00f3 juvenil. L\u2019emissora municipal oferir\u00e0 una programaci\u00f3 que comen\u00e7ar\u00e0 aquest dissabte a la tarda amb una <strong>an\u00e0lisi profunda del terratr\u00e8mol pol\u00edtic<\/strong> viscut aquest mes a l\u2019Ajuntament i culminar\u00e0 diumenge al migdia donant<strong> veu als estudiants de l\u2019Institut d\u2019Auro<\/strong>.<\/p>\n<h3 data-path-to-node=\"3\"><strong>Segona entrega de &#8216;La Tarda&#8217;<\/strong><\/h3>\n<p data-path-to-node=\"4\">La programaci\u00f3 arrencar\u00e0 <strong>dissabte a les cinc de la tarda<\/strong> amb una nova edici\u00f3 del magaz\u00edn \u2018<strong>La Tarda\u2019<\/strong>, condu\u00eft per <strong>Jordi Rojas<\/strong>. El programa centrar\u00e0 bona part del seu contingut en la <strong>convulsa situaci\u00f3 pol\u00edtica del municipi arran del darrer ple<\/strong>, que va acabar amb protestes i tensi\u00f3. Per desgranar els fets, l\u2019espai comptar\u00e0 amb una taula d\u2019an\u00e0lisi moderada pel reconegut <strong>periodista<\/strong> <strong>Marc Mart\u00ednez Amat<\/strong>. El debat abordar\u00e0 la <strong>presa de possessi\u00f3 del regidor Jordi Soteras<\/strong>, que va entrar a trav\u00e9s de la llista de Junts per passar immediatament al grup de no adscrits vinculat a Alian\u00e7a Catalana, aix\u00ed com les posteriors reaccions ciutadanes i policials. A la taula hi participaran veus diverses com <strong>Xavier Sucarrats<\/strong>, l\u2019exregidor <strong>Jordi<\/strong> <strong>Serrano<\/strong> i membres de la Plataforma Santpedor Antifeixista com <strong>Conxita<\/strong> <strong>Molina<\/strong> i <strong>Adriana<\/strong> <strong>G\u00f3mez<\/strong>.<\/p>\n<p data-path-to-node=\"5\">M\u00e9s enll\u00e0 de la cr\u00f2nica pol\u00edtica, \u2018La Tarda\u2019 tamb\u00e9 oferir\u00e0 una \u00e0mplia <strong>mirada social i cultural<\/strong>. L\u2019historiador <strong>Jordi Vila visitar\u00e0 els estudis acompanyat del grup &#8220;Sedu\u00efts per Egipte&#8221;<\/strong> per relatar la seva recent expedici\u00f3 cultural al pa\u00eds dels faraons. En l\u2019\u00e0mbit local, el programa posar\u00e0 el <strong>focus en l\u2019esport i l\u2019emprenedoria<\/strong>, conversant amb els impulsors del nou<strong> gimn\u00e0s S3 FitZone<\/strong> i els responsables de l\u2019hist\u00f2ric <strong>Sport Centre<\/strong>. A m\u00e9s, l\u2019emissora estrena <strong>noves seccions culturals<\/strong>, com &#8220;<strong>Un Vi a La Tarda<\/strong>&#8221; amb <strong>Enric<\/strong> <strong>Claret<\/strong>, que debutar\u00e0 presentant el Celler Fargas-Fargas de Salelles, i un nou espai participatiu, din\u00e0mic i innovador anomenat<strong> &#8220;Murals Radiof\u00f2nics&#8221;, <\/strong>a\u00a0c\u00e0rrec de<strong> Rosa Maria Alonso<\/strong>.<\/p>\n<h3 data-path-to-node=\"3\"><strong>Torna el &#8216;Busca-Raons&#8217;<\/strong><\/h3>\n<p data-path-to-node=\"6\">L\u2019activitat radiof\u00f2nica continuar\u00e0 <strong>diumenge a les dotze del migdia<\/strong> amb l\u2019estrena de la <strong>cinquena temporada d\u2019&#8217;El Busca-raons\u2019<\/strong>. Aquest programa, fruit de la consolidada col\u00b7laboraci\u00f3 entre <strong>R\u00e0dio Santpedor i l\u2019Institut d\u2019Auro<\/strong>, torna a la graella per posar a prova l\u2019<strong>orat\u00f2ria i l\u2019esperit cr\u00edtic de l\u2019alumnat de 4t d\u2019ESO<\/strong>. Condu\u00eft per <strong>Jordi Vila Prat<\/strong> i coordinat per <strong>Laura Rubio Garriga<\/strong>, l\u2019espai planteja debats estructurats on els joves han de <strong>defensar postures oposades sobre temes d\u2019actualitat, independentment de la seva opini\u00f3 personal.<\/strong><\/p>\n<p data-path-to-node=\"7\">Segons explica Laura Rubio, coordinadora del projecte, tant el professorat com l\u2019alumnat entomen el repte amb entusiasme despr\u00e9s de cinc anys de traject\u00f2ria. Rubio destaca que l\u2019objectiu \u00e9s <strong>treballar l\u2019expressi\u00f3 oral des d\u2019un vessant argumentatiu<\/strong>, abordant tem\u00e0tiques que ressonen entre els joves, com l\u2019obligatorietat de la vacunaci\u00f3 o la conveni\u00e8ncia dels deures escolars, per oferir la seva <strong>pr\u00f2pia perspectiva sobre el m\u00f3n actual<\/strong>.<\/p>\n<p data-path-to-node=\"7\">L\u2019oferta radiof\u00f2nica no es limitar\u00e0 nom\u00e9s a aquests dos programes. Altres formats, com el magaz\u00edn matinal <strong>\u2018Bon dia, Catalunya Central\u2019<\/strong>, continuaran exemplificant la col\u00b7laboraci\u00f3 territorial i l\u2019aposta per la <strong>informaci\u00f3 de proximitat<\/strong>. Aquesta coproducci\u00f3 entre R\u00e0dio Santpedor i R\u00e0dio S\u00faria, condu\u00efda per <strong>Laia Mart\u00ednez i Emma Codina<\/strong>, <strong>despertar\u00e0 la comarca com cada diumenge<\/strong>, connectant <strong>les realitats de Santpedor i oferint una visi\u00f3 conjunta de l\u2019actualitat del Bages<\/strong>. D\u2019aquesta manera, es segueix consolidant un model de r\u00e0dio en xarxa que supera l\u2019\u00e0mbit estrictament local.<\/p>\n<p data-path-to-node=\"7\">Amb aquesta doble gran proposta de cap de setmana, R\u00e0dio Santpedor reafirma el seu comprom\u00eds amb la producci\u00f3 pr\u00f2pia i els continguts<em> fets a casa per la gent de casa<\/em>, convidant els oients a sintonitzar el <strong>90.0 FM<\/strong> o connectar-se a trav\u00e9s del <strong><a href=\"https:\/\/www.santpedor.net\/radio\/directe\">nou portal web<\/a><\/strong>.<\/p>\n<\/div>\n","protected":false},"excerpt":{"rendered":"<p>L\u2019emissora municipal encara un dels caps de setmana m\u00e9s intensos de la temporada en produccions pr\u00f2pies amb una nova edici\u00f3 de \u2018La Tarda\u2019 centrada en la convulsa situaci\u00f3 a l\u2019Ajuntament i l\u2019estrena de la cinquena temporada d\u2019\u2018El Busca-raons\u2019<\/p>\n","protected":false},"author":675,"featured_media":15546,"comment_status":"open","ping_status":"closed","sticky":false,"template":"","format":"standard","meta":{"footnotes":""},"categories":[137],"tags":[],"class_list":{"0":"post-15545","1":"post","2":"type-post","3":"status-publish","4":"format-standard","5":"has-post-thumbnail","7":"category-societat"},"_links":{"self":[{"href":"https:\/\/santpedor.net\/radio\/wp-json\/wp\/v2\/posts\/15545","targetHints":{"allow":["GET"]}}],"collection":[{"href":"https:\/\/santpedor.net\/radio\/wp-json\/wp\/v2\/posts"}],"about":[{"href":"https:\/\/santpedor.net\/radio\/wp-json\/wp\/v2\/types\/post"}],"author":[{"embeddable":true,"href":"https:\/\/santpedor.net\/radio\/wp-json\/wp\/v2\/users\/675"}],"replies":[{"embeddable":true,"href":"https:\/\/santpedor.net\/radio\/wp-json\/wp\/v2\/comments?post=15545"}],"version-history":[{"count":0,"href":"https:\/\/santpedor.net\/radio\/wp-json\/wp\/v2\/posts\/15545\/revisions"}],"wp:featuredmedia":[{"embeddable":true,"href":"https:\/\/santpedor.net\/radio\/wp-json\/wp\/v2\/media\/15546"}],"wp:attachment":[{"href":"https:\/\/santpedor.net\/radio\/wp-json\/wp\/v2\/media?parent=15545"}],"wp:term":[{"taxonomy":"category","embeddable":true,"href":"https:\/\/santpedor.net\/radio\/wp-json\/wp\/v2\/categories?post=15545"},{"taxonomy":"post_tag","embeddable":true,"href":"https:\/\/santpedor.net\/radio\/wp-json\/wp\/v2\/tags?post=15545"}],"curies":[{"name":"wp","href":"https:\/\/api.w.org\/{rel}","templated":true}]}}