{"id":15555,"date":"2026-03-09T12:05:32","date_gmt":"2026-03-09T11:05:32","guid":{"rendered":"https:\/\/santpedor.net\/radio\/?p=15555"},"modified":"2026-03-09T20:52:54","modified_gmt":"2026-03-09T19:52:54","slug":"novespiscines","status":"publish","type":"post","link":"https:\/\/santpedor.net\/radio\/novespiscines\/","title":{"rendered":"Les piscines municipals estrenaran vestidors i millors accessos aquest estiu coincidint amb el 50\u00e8 aniversari"},"content":{"rendered":"<p data-path-to-node=\"5\">Els banyistes de Santpedor es trobaran unes instal\u00b7lacions renovades quan comenci la temporada d\u2019estiu. L\u2019Ajuntament ha posat en marxa les obres de reforma de les piscines municipals, una actuaci\u00f3 que se centra en la <b data-path-to-node=\"5\" data-index-in-node=\"217\">renovaci\u00f3 integral dels vestidors i les dutxes<\/b>, aix\u00ed com en la <b data-path-to-node=\"5\" data-index-in-node=\"280\">modernitzaci\u00f3 dels accessos<\/b> a l\u2019edifici i a la zona de bany.<\/p>\n<p data-path-to-node=\"6\">Els treballs, que ja han comen\u00e7at, tenen un termini d\u2019execuci\u00f3 previst d\u2019uns <b data-path-to-node=\"6\" data-index-in-node=\"77\">tres mesos<\/b>, de manera que estaran enllestits a temps per a l&#8217;obertura de la temporada.<\/p>\n<p data-path-to-node=\"8\">Aquesta reforma arriba en un moment simb\u00f2lic per a l\u2019equipament. L\u2019edifici d\u2019acc\u00e9s i els vestidors actuals es van inaugurar l\u2019any 1976. L\u2019alcalde de Santpedor, <b data-path-to-node=\"8\" data-index-in-node=\"160\">Agust\u00ed Comas<\/b>, ha destacat aquesta efem\u00e8ride: &#8220;Les obres coincideixen amb els 50 anys de la primera obertura&#8221;.<\/p>\n<p data-path-to-node=\"9\">Segons el batlle, l&#8217;objectiu \u00e9s clar: &#8220;En els \u00faltims anys s\u2019han anat fent diverses millores a tot el recinte i ara encarem aquesta remodelaci\u00f3 amb expectativa i ganes de mantenir la de Santpedor com <b data-path-to-node=\"9\" data-index-in-node=\"199\">una de les piscines municipals m\u00e9s atractives de la comarca<\/b>, com ha sigut fins ara&#8221;.<\/p>\n<figure id=\"attachment_15557\" aria-describedby=\"caption-attachment-15557\" style=\"width: 1024px\" class=\"wp-caption aligncenter\"><img loading=\"lazy\" decoding=\"async\" class=\"wp-image-15557 size-full\" src=\"https:\/\/santpedor.net\/radio\/wp-content\/uploads\/2026\/03\/obres_piscines-3.jpeg\" alt=\"\" width=\"1024\" height=\"768\" srcset=\"https:\/\/santpedor.net\/radio\/wp-content\/uploads\/2026\/03\/obres_piscines-3.jpeg 1024w, https:\/\/santpedor.net\/radio\/wp-content\/uploads\/2026\/03\/obres_piscines-3-300x225.jpeg 300w, https:\/\/santpedor.net\/radio\/wp-content\/uploads\/2026\/03\/obres_piscines-3-768x576.jpeg 768w, https:\/\/santpedor.net\/radio\/wp-content\/uploads\/2026\/03\/obres_piscines-3-560x420.jpeg 560w, https:\/\/santpedor.net\/radio\/wp-content\/uploads\/2026\/03\/obres_piscines-3-80x60.jpeg 80w, https:\/\/santpedor.net\/radio\/wp-content\/uploads\/2026\/03\/obres_piscines-3-150x113.jpeg 150w, https:\/\/santpedor.net\/radio\/wp-content\/uploads\/2026\/03\/obres_piscines-3-696x522.jpeg 696w, https:\/\/santpedor.net\/radio\/wp-content\/uploads\/2026\/03\/obres_piscines-3-265x198.jpeg 265w\" sizes=\"auto, (max-width: 1024px) 100vw, 1024px\" \/><figcaption id=\"caption-attachment-15557\" class=\"wp-caption-text\">Font: Ajuntament de Santpedor<\/figcaption><\/figure>\n<p data-path-to-node=\"11\">L\u2019obra es va adjudicar aquest mes de gener per un import de <b data-path-to-node=\"11\" data-index-in-node=\"60\">299.529 \u20ac (IVA incl\u00f2s)<\/b>. Per finan\u00e7ar aquesta actuaci\u00f3, l\u2019Ajuntament ha comptat amb una subvenci\u00f3 de <b data-path-to-node=\"11\" data-index-in-node=\"160\">60.000 euros<\/b> provinent del Pla de Xoc d\u2019instal\u00b7lacions esportives del Departament d\u2019Esports de la Generalitat de Catalunya.<\/p>\n<p data-path-to-node=\"13\">Aquesta remodelaci\u00f3 dels vestidors \u00e9s la continuaci\u00f3 d&#8217;un pla de millores t\u00e8cniques que es va iniciar l&#8217;any passat. Durant el 2025, es va adequar la <b data-path-to-node=\"13\" data-index-in-node=\"149\">sala t\u00e8cnica de tractament d&#8217;aig\u00fces<\/b>, una intervenci\u00f3 clau per\u00f2 menys visible per a l&#8217;usuari. Aquella actuaci\u00f3 va permetre canviar el sistema de filtratge de la piscina gran, renovar els filtres de la mitjana i instal\u00b7lar automatismes per a la lectura de par\u00e0metres i la dosificaci\u00f3 del clor, garantint aix\u00ed una millor qualitat de l&#8217;aigua.<\/p>\n","protected":false},"excerpt":{"rendered":"<p>L\u2019Ajuntament ha iniciat les obres de remodelaci\u00f3 integral dels serveis i l\u2019entrada, amb una inversi\u00f3 de gaireb\u00e9 300.000 euros i una durada prevista de tres mesos<\/p>\n","protected":false},"author":675,"featured_media":15556,"comment_status":"open","ping_status":"closed","sticky":false,"template":"","format":"standard","meta":{"footnotes":""},"categories":[137],"tags":[],"class_list":{"0":"post-15555","1":"post","2":"type-post","3":"status-publish","4":"format-standard","5":"has-post-thumbnail","7":"category-societat"},"_links":{"self":[{"href":"https:\/\/santpedor.net\/radio\/wp-json\/wp\/v2\/posts\/15555","targetHints":{"allow":["GET"]}}],"collection":[{"href":"https:\/\/santpedor.net\/radio\/wp-json\/wp\/v2\/posts"}],"about":[{"href":"https:\/\/santpedor.net\/radio\/wp-json\/wp\/v2\/types\/post"}],"author":[{"embeddable":true,"href":"https:\/\/santpedor.net\/radio\/wp-json\/wp\/v2\/users\/675"}],"replies":[{"embeddable":true,"href":"https:\/\/santpedor.net\/radio\/wp-json\/wp\/v2\/comments?post=15555"}],"version-history":[{"count":0,"href":"https:\/\/santpedor.net\/radio\/wp-json\/wp\/v2\/posts\/15555\/revisions"}],"wp:featuredmedia":[{"embeddable":true,"href":"https:\/\/santpedor.net\/radio\/wp-json\/wp\/v2\/media\/15556"}],"wp:attachment":[{"href":"https:\/\/santpedor.net\/radio\/wp-json\/wp\/v2\/media?parent=15555"}],"wp:term":[{"taxonomy":"category","embeddable":true,"href":"https:\/\/santpedor.net\/radio\/wp-json\/wp\/v2\/categories?post=15555"},{"taxonomy":"post_tag","embeddable":true,"href":"https:\/\/santpedor.net\/radio\/wp-json\/wp\/v2\/tags?post=15555"}],"curies":[{"name":"wp","href":"https:\/\/api.w.org\/{rel}","templated":true}]}}