{"id":15558,"date":"2026-03-06T13:50:38","date_gmt":"2026-03-06T12:50:38","guid":{"rendered":"https:\/\/santpedor.net\/radio\/?p=15558"},"modified":"2026-03-08T12:30:43","modified_gmt":"2026-03-08T11:30:43","slug":"linformatiu-06-03-2026","status":"publish","type":"post","link":"https:\/\/santpedor.net\/radio\/linformatiu-06-03-2026\/","title":{"rendered":"L&#8217;informatiu &#8211; 06\/03\/2026"},"content":{"rendered":"<p><iframe loading=\"lazy\" src=\"https:\/\/www.ivoox.com\/player_ej_169640145_6_1.html?c1=6b6b6b\" width=\"100%\" height=\"200\" frameborder=\"0\" scrolling=\"no\" allowfullscreen=\"allowfullscreen\"><\/iframe><\/p>\n<p data-start=\"28\" data-end=\"410\">L\u2019informatiu de R\u00e0dio Santpedor repassa l\u2019actualitat local i comarcal d\u2019aquest divendres 6 de mar\u00e7 de 2026. Destaquen les mobilitzacions convocades per Santpedor Antifeixista despr\u00e9s dels incidents al darrer ple municipal i el suport al ve\u00ed encausat, mentre el nou regidor no adscrit Jordi Soteras defensa la seva legitimitat des del Parlament i anuncia una moci\u00f3 al pr\u00f2xim plenari.<\/p>\n<p data-start=\"412\" data-end=\"767\">Tamb\u00e9 expliquem els actes del 8 de Mar\u00e7 al municipi, amb propostes que combinen mem\u00f2ria hist\u00f2rica, activitats participatives i teatre; les obres de renovaci\u00f3 dels vestidors i accessos de les piscines municipals coincidint amb el seu 50\u00e8 aniversari; i la segona edici\u00f3 del Sopar de la Col Verda Manresana a Cal Llovet per reivindicar aquest producte local.<\/p>\n<p data-start=\"769\" data-end=\"1218\" data-is-last-node=\"\" data-is-only-node=\"\">En cultura, avancem els primers noms del Cicle del Convent, amb la Companyia El\u00e8ctrica Dharma i Gemma Humet. A m\u00e9s, repassem l\u2019agenda del cap de setmana i l\u2019actualitat de la comarca: l\u2019evoluci\u00f3 de l\u2019atur al Bages, l\u2019inici de la preinscripci\u00f3 escolar, la situaci\u00f3 d\u2019alumnes manresans afectats per un desnonament, una detenci\u00f3 relacionada amb robatoris i l\u2019augment de trucades al 112 a la Catalunya Central. Tamb\u00e9 us portem la previsi\u00f3 del temps.<\/p>\n","protected":false},"excerpt":{"rendered":"<p>L\u2019informatiu de R\u00e0dio Santpedor repassa l\u2019actualitat local i comarcal d\u2019aquest divendres 6 de mar\u00e7 de 2026. Destaquen les mobilitzacions convocades per Santpedor Antifeixista despr\u00e9s dels incidents al darrer ple municipal i el suport al ve\u00ed encausat, mentre el nou regidor no adscrit Jordi Soteras defensa la seva legitimitat des del Parlament i anuncia una moci\u00f3 [&hellip;]<\/p>\n","protected":false},"author":675,"featured_media":15462,"comment_status":"open","ping_status":"closed","sticky":false,"template":"","format":"standard","meta":{"footnotes":""},"categories":[1237],"tags":[],"class_list":{"0":"post-15558","1":"post","2":"type-post","3":"status-publish","4":"format-standard","5":"has-post-thumbnail","7":"category-informatiu"},"_links":{"self":[{"href":"https:\/\/santpedor.net\/radio\/wp-json\/wp\/v2\/posts\/15558","targetHints":{"allow":["GET"]}}],"collection":[{"href":"https:\/\/santpedor.net\/radio\/wp-json\/wp\/v2\/posts"}],"about":[{"href":"https:\/\/santpedor.net\/radio\/wp-json\/wp\/v2\/types\/post"}],"author":[{"embeddable":true,"href":"https:\/\/santpedor.net\/radio\/wp-json\/wp\/v2\/users\/675"}],"replies":[{"embeddable":true,"href":"https:\/\/santpedor.net\/radio\/wp-json\/wp\/v2\/comments?post=15558"}],"version-history":[{"count":0,"href":"https:\/\/santpedor.net\/radio\/wp-json\/wp\/v2\/posts\/15558\/revisions"}],"wp:featuredmedia":[{"embeddable":true,"href":"https:\/\/santpedor.net\/radio\/wp-json\/wp\/v2\/media\/15462"}],"wp:attachment":[{"href":"https:\/\/santpedor.net\/radio\/wp-json\/wp\/v2\/media?parent=15558"}],"wp:term":[{"taxonomy":"category","embeddable":true,"href":"https:\/\/santpedor.net\/radio\/wp-json\/wp\/v2\/categories?post=15558"},{"taxonomy":"post_tag","embeddable":true,"href":"https:\/\/santpedor.net\/radio\/wp-json\/wp\/v2\/tags?post=15558"}],"curies":[{"name":"wp","href":"https:\/\/api.w.org\/{rel}","templated":true}]}}