{"id":15563,"date":"2026-03-08T10:36:40","date_gmt":"2026-03-08T09:36:40","guid":{"rendered":"https:\/\/santpedor.net\/radio\/?p=15563"},"modified":"2026-03-08T10:36:40","modified_gmt":"2026-03-08T09:36:40","slug":"bon-dia-catalunya-central-08-03-2026","status":"publish","type":"post","link":"https:\/\/santpedor.net\/radio\/bon-dia-catalunya-central-08-03-2026\/","title":{"rendered":"Bon dia, Catalunya Central &#8211; 08\/03\/2026"},"content":{"rendered":"<p><strong>L&#8217;hora informativa<\/strong><\/p>\n<p>Avui, dia internacional de les dones, repassem els actes que es fan al territori en aquesta jornada de lluita i entrevistem a en Len, portaveu d&#8217;Acci\u00f3 Lila, per con\u00e8ixer la seva tasca i parlar dels reptes als que s&#8217;enfronta el feminisme anticapitalista a dia d&#8217;avui. Tamb\u00e9 fem un rep\u00e0s de l&#8217;actualitat local de les nostres comarques: la presentaci\u00f3 de la candidatura de Junts amb Aven\u00e7 Nacionlista per les municipals de Manresa, la situaci\u00f3 de l&#8217;habitatge i la tasca de recuperaci\u00f3 del riu Cardener, entre altres. <\/p>\n<p><iframe src=\"https:\/\/www.ivoox.com\/player_ej_169708881_6_1.html?c1=fc7c05\" width=\"100%\" height=\"200\" frameborder=\"0\" allowfullscreen=\"\" scrolling=\"no\" loading=\"lazy\"><\/iframe><\/p>\n","protected":false},"excerpt":{"rendered":"<p>L&#8217;hora informativa Avui, dia internacional de les dones, repassem els actes que es fan al territori en aquesta jornada de lluita i entrevistem a en Len, portaveu d&#8217;Acci\u00f3 Lila, per con\u00e8ixer la seva tasca i parlar dels reptes als que s&#8217;enfronta el feminisme anticapitalista a dia d&#8217;avui. Tamb\u00e9 fem un rep\u00e0s de l&#8217;actualitat local de [&hellip;]<\/p>\n","protected":false},"author":1,"featured_media":15564,"comment_status":"open","ping_status":"closed","sticky":false,"template":"","format":"standard","meta":{"footnotes":""},"categories":[1294],"tags":[],"class_list":{"0":"post-15563","1":"post","2":"type-post","3":"status-publish","4":"format-standard","5":"has-post-thumbnail","7":"category-bondiacatcentral"},"_links":{"self":[{"href":"https:\/\/santpedor.net\/radio\/wp-json\/wp\/v2\/posts\/15563","targetHints":{"allow":["GET"]}}],"collection":[{"href":"https:\/\/santpedor.net\/radio\/wp-json\/wp\/v2\/posts"}],"about":[{"href":"https:\/\/santpedor.net\/radio\/wp-json\/wp\/v2\/types\/post"}],"author":[{"embeddable":true,"href":"https:\/\/santpedor.net\/radio\/wp-json\/wp\/v2\/users\/1"}],"replies":[{"embeddable":true,"href":"https:\/\/santpedor.net\/radio\/wp-json\/wp\/v2\/comments?post=15563"}],"version-history":[{"count":0,"href":"https:\/\/santpedor.net\/radio\/wp-json\/wp\/v2\/posts\/15563\/revisions"}],"wp:featuredmedia":[{"embeddable":true,"href":"https:\/\/santpedor.net\/radio\/wp-json\/wp\/v2\/media\/15564"}],"wp:attachment":[{"href":"https:\/\/santpedor.net\/radio\/wp-json\/wp\/v2\/media?parent=15563"}],"wp:term":[{"taxonomy":"category","embeddable":true,"href":"https:\/\/santpedor.net\/radio\/wp-json\/wp\/v2\/categories?post=15563"},{"taxonomy":"post_tag","embeddable":true,"href":"https:\/\/santpedor.net\/radio\/wp-json\/wp\/v2\/tags?post=15563"}],"curies":[{"name":"wp","href":"https:\/\/api.w.org\/{rel}","templated":true}]}}