{"id":15565,"date":"2026-03-10T23:00:40","date_gmt":"2026-03-10T22:00:40","guid":{"rendered":"https:\/\/santpedor.net\/radio\/?p=15565"},"modified":"2026-03-11T18:37:35","modified_gmt":"2026-03-11T17:37:35","slug":"el-ple-de-marc-aprova-la-mocio-antifeixista-i-rebutja-la-reprovacio-exigida-per-soteras-en-un-clima-de-forta-tensio","status":"publish","type":"post","link":"https:\/\/santpedor.net\/radio\/el-ple-de-marc-aprova-la-mocio-antifeixista-i-rebutja-la-reprovacio-exigida-per-soteras-en-un-clima-de-forta-tensio\/","title":{"rendered":"El ple de mar\u00e7 aprova la moci\u00f3 antifeixista i rebutja la reprovaci\u00f3 exigida per Soteras en un clima de forta tensi\u00f3"},"content":{"rendered":"<p>El ple ordinari de l&#8217;Ajuntament de Santpedor celebrat aquest dimarts s&#8217;ha desenvolupat en un <strong>clima tens i enrarit<\/strong> que ja comen\u00e7a a ser habitual des de l&#8217;entrada del regidor no adscrit vinculat a Alian\u00e7a Catalana, Jordi Soteras. L&#8217;expectaci\u00f3 ha estat tan alta que la sala de plens ha omplert tot el seu aforament, obligant els cossos de seguretat a impedir l&#8217;acc\u00e9s a algunes persones que s&#8217;han hagut de quedar a fora. A l&#8217;interior, la majoria dels assistents han mostrat cartells en contra de Soteras, exigint la seva ren\u00fancia.<\/p>\n<h3><strong>Aprovada la moci\u00f3 contra la discriminaci\u00f3 i rebutjada la de Soteras<\/strong><\/h3>\n<p>El punt m\u00e9s tens de la nit ha estat el debat de les mocions. S&#8217;ha aprovat la <strong>moci\u00f3 per a la promoci\u00f3 de la igualtat de tracte i la no-discriminaci\u00f3<\/strong>, presentada conjuntament per la CUP-Amunt i ERC-AM. Aquest text s&#8217;ha tirat endavant amb els <strong>8 vots a favor d&#8217;ERC, CUP i Sumem x Santpedor (SxS), 4 abstencions del SEAM i el vot en contra del regidor no adscrit<\/strong>.<\/p>\n<p>La regidora de la CUP, Aina Fern\u00e1ndez, ha defensat que la moci\u00f3 \u00e9s &#8220;una eina pol\u00edtica i democr\u00e0tica&#8221; per deixar clar que <strong>&#8220;a Santpedor no hi ha espai per blanquejar l\u2019extrema dreta&#8221;<\/strong> i ha afirmat que no es donar\u00e0 suport a l&#8217;acci\u00f3 pol\u00edtica d&#8217;aquestes formacions. Per la seva banda, l&#8217;alcalde Agust\u00ed Comas (ERC) ha destacat la import\u00e0ncia de garantir que tothom pugui viure amb &#8220;dignitat, seguretat i autonomia&#8221;. El grup del SEAM ha justificat la seva abstenci\u00f3 argumentant que el comportament de la CUP durant el pol\u00e8mic ple de febrer no va ser adequat per donar lli\u00e7ons de &#8220;no viol\u00e8ncia i igualtat de tracte&#8221;. Jordi Soteras ha votat en contra assegurant que la moci\u00f3 promou &#8220;menys democr\u00e0cia&#8221; i la &#8220;censura institucional&#8221;.<\/p>\n<p>L&#8217;altra cara de la moneda ha estat la <strong>moci\u00f3 presentada per Jordi Soteras, que ha estat rebutjada de forma contundent<\/strong>. El text, que demanava defensar l&#8217;ordre institucional, donar suport a la Policia Local pels fets del mes passat i exigia la ren\u00fancia immediata del regidor cupaire Rub\u00e8n L\u00f3pez, <strong>nom\u00e9s ha obtingut el vot a favor del mateix Soteras<\/strong>. ERC, CUP i SxS (8 vots) hi han votat en contra, mentre que el SEAM (4 vots) s&#8217;ha abstingut.<\/p>\n<p>L&#8217;alcalde ha retret a Soteras que &#8220;per demanar una dimissi\u00f3 s&#8217;ha de tenir una certa autoritat pol\u00edtica i moral&#8221;, recordant-li que ocupa una cadira representant unes sigles que no el van votar. Rub\u00e8n L\u00f3pez (CUP) ha respost amb duresa a la petici\u00f3 de dimissi\u00f3, qualificant Soteras d'&#8221;aprofitat&#8221; i &#8220;tr\u00e0nsfuga&#8221;, i ha deixat clar que actualment <strong>no est\u00e0 processat per cap delicte penal<\/strong>, sin\u00f3 que nom\u00e9s consta una proposta de sanci\u00f3 administrativa. L\u00f3pez ha acusat l&#8217;extrema dreta de &#8220;manipular els fets&#8221; i escampar mentides.<\/p>\n<h3><strong>Unanimitat en la Prevenci\u00f3 d&#8217;Incendis i compte de la Liquidaci\u00f3 del Pressupost<\/strong><\/h3>\n<p>En l&#8217;apartat de gesti\u00f3 municipal, l&#8217;ambient s&#8217;ha relaxat. El consistori ha aprovat <strong>inicialment i per unanimitat el Pla Municipal de Prevenci\u00f3 d\u2019Incendis (PPI) per als anys 2026-2031<\/strong>. El regidor d&#8217;Urbanisme, Pep Illa, ha detallat que el pla, redactat amb suport de la Diputaci\u00f3, preveu un cost estimat de prop de 128.000 euros en sis anys per actuacions de millora, consolidaci\u00f3 i manteniment de camins i punts d&#8217;aigua.<\/p>\n<p>Tamb\u00e9 ha prosperat una <strong>modificaci\u00f3 de cr\u00e8dit de 2.945 euros<\/strong>, finan\u00e7ada amb el romanent de tresoreria, per fer front al conveni amb l&#8217;Associaci\u00f3 de Parcs Empresarials de Santpedor (APES). S&#8217;ha aprovat amb els vots favorables d&#8217;ERC, SEAM i SxS, i les abstencions de la CUP i el regidor no adscrit. Aix\u00ed mateix, el ple ha aprovat per unanimitat dues autoritzacions de compatibilitat per a l&#8217;exercici d&#8217;activitats privades a dos funcionaris municipals.<\/p>\n<p>A la sessi\u00f3 tamb\u00e9 s&#8217;ha donat compte de la <strong>liquidaci\u00f3 del Pressupost General de l&#8217;any 2025<\/strong>. La interventora municipal ha explicat que l&#8217;exercici es tanca amb un resultat pressupostari positiu d&#8217;1,18 milions d&#8217;euros i un <strong>romanent de tresoreria total de 5,8 milions d&#8217;euros<\/strong>, dels quals 3,6 milions queden com a fons de finan\u00e7ament per a possibles inversions financerament sostenibles.<\/p>\n<h3><strong>Urbanisme, corcs i problemes amb els autobusos, protagonistes al torn de preguntes<\/strong><\/h3>\n<p>Al tram final del ple, l&#8217;oposici\u00f3 ha fiscalitzat l&#8217;acci\u00f3 del govern mitjan\u00e7ant diversos precs i preguntes. El grup del SEAM ha demanat actualitzacions sobre el projecte <strong>PAU Ronda 2<\/strong>. El govern ha explicat que s&#8217;estan redactant els projectes de reparcel\u00b7laci\u00f3 i d&#8217;urbanitzaci\u00f3, preveient que el primer estigui llest entre finals de mar\u00e7 i principis d&#8217;abril. Tamb\u00e9 a inst\u00e0ncies del SEAM, s&#8217;ha informat sobre la <strong>plaga de corcs al barri del Sindicat<\/strong>; el regidor Pep Illa ha lamentat que el passat gener no se&#8217;ls va permetre l&#8217;acc\u00e9s a l&#8217;interior de la Cooperativa per poder fer una inspecci\u00f3 t\u00e8cnica i proposar solucions efectives per al ve\u00efnat.<\/p>\n<p>Per la seva banda, la CUP ha portat al ple les queixes ve\u00efnals per les <strong>parades d&#8217;autob\u00fas interurb\u00e0<\/strong>, especialment la de la Pla\u00e7a Catalunya, on els vehicles es passen llargues estones amb els motors encesos, generant emissions i mol\u00e8sties als residents. L&#8217;alcalde ha respost que, tot i que l&#8217;Ajuntament no t\u00e9 compet\u00e8ncia directa perqu\u00e8 el servei \u00e9s de la Generalitat, s&#8217;ha demanat a la companyia que els xofers aturin els motors i s&#8217;est\u00e0 valorant el trasllat d&#8217;aquesta parada d&#8217;espera al carrer Joan Mir\u00f3 per minimitzar les mol\u00e8sties.<\/p>\n<p>El ple, on tamb\u00e9 s&#8217;ha demanat la documentaci\u00f3 de la liquidaci\u00f3 del pressupost per part de Sumem x Santpedor i on s&#8217;ha q\u00fcestionat l&#8217;evoluci\u00f3 de les inscripcions del Casal d&#8217;Estiu Bitxac, s&#8217;ha donat per finalitzat deixant pal\u00e8s el nou escenari pol\u00edtic complex i altament polaritzat que viur\u00e0 l&#8217;Ajuntament fins al final del mandat.<\/p>\n","protected":false},"excerpt":{"rendered":"<p>La Capella de Sant Andreu s&#8217;ha tornat a omplir de gom a gom en una sessi\u00f3 fortament vigilada per la Policia Local, on el debat pol\u00edtic ha estat marcat pel xoc frontal contra l&#8217;extrema dreta i on s&#8217;ha donat llum verda al Pla Municipal de Prevenci\u00f3 d&#8217;Incendis 2026-2031<\/p>\n","protected":false},"author":675,"featured_media":15566,"comment_status":"open","ping_status":"closed","sticky":false,"template":"","format":"standard","meta":{"footnotes":""},"categories":[136],"tags":[],"class_list":{"0":"post-15565","1":"post","2":"type-post","3":"status-publish","4":"format-standard","5":"has-post-thumbnail","7":"category-politica-i-economia"},"_links":{"self":[{"href":"https:\/\/santpedor.net\/radio\/wp-json\/wp\/v2\/posts\/15565","targetHints":{"allow":["GET"]}}],"collection":[{"href":"https:\/\/santpedor.net\/radio\/wp-json\/wp\/v2\/posts"}],"about":[{"href":"https:\/\/santpedor.net\/radio\/wp-json\/wp\/v2\/types\/post"}],"author":[{"embeddable":true,"href":"https:\/\/santpedor.net\/radio\/wp-json\/wp\/v2\/users\/675"}],"replies":[{"embeddable":true,"href":"https:\/\/santpedor.net\/radio\/wp-json\/wp\/v2\/comments?post=15565"}],"version-history":[{"count":0,"href":"https:\/\/santpedor.net\/radio\/wp-json\/wp\/v2\/posts\/15565\/revisions"}],"wp:featuredmedia":[{"embeddable":true,"href":"https:\/\/santpedor.net\/radio\/wp-json\/wp\/v2\/media\/15566"}],"wp:attachment":[{"href":"https:\/\/santpedor.net\/radio\/wp-json\/wp\/v2\/media?parent=15565"}],"wp:term":[{"taxonomy":"category","embeddable":true,"href":"https:\/\/santpedor.net\/radio\/wp-json\/wp\/v2\/categories?post=15565"},{"taxonomy":"post_tag","embeddable":true,"href":"https:\/\/santpedor.net\/radio\/wp-json\/wp\/v2\/tags?post=15565"}],"curies":[{"name":"wp","href":"https:\/\/api.w.org\/{rel}","templated":true}]}}