{"id":15568,"date":"2026-03-11T18:36:25","date_gmt":"2026-03-11T17:36:25","guid":{"rendered":"https:\/\/santpedor.net\/radio\/?p=15568"},"modified":"2026-03-11T19:05:09","modified_gmt":"2026-03-11T18:05:09","slug":"la-fiscalia-demana-arxivar-la-causa-contra-lexregidor-aniol-vila-i-el-regidor-ruben-lopez-en-no-veure-hi-delicte","status":"publish","type":"post","link":"https:\/\/santpedor.net\/radio\/la-fiscalia-demana-arxivar-la-causa-contra-lexregidor-aniol-vila-i-el-regidor-ruben-lopez-en-no-veure-hi-delicte\/","title":{"rendered":"La Fiscalia demana arxivar la causa contra l&#8217;exregidor Aniol Vila i el regidor Rub\u00e8n L\u00f3pez en no veure-hi delicte"},"content":{"rendered":"<div id=\"model-response-message-contentr_26a26af4ebc1b01a\" class=\"markdown markdown-main-panel stronger enable-updated-hr-color\" dir=\"ltr\" aria-live=\"polite\" aria-busy=\"false\">\n<p data-path-to-node=\"0\">El procediment judicial contra l&#8217;exregidor de la CUP, <strong>Aniol Vila<\/strong>, i l&#8217;actual regidor de la formaci\u00f3, <strong>Rub\u00e8n L\u00f3pez<\/strong>, pels incidents durant el ple municipal del passat 10 de febrer ha fet un gir radical aquest dimecres al mat\u00ed. La Fiscalia ha demanat <strong>l&#8217;arxivament definitiu de la causa<\/strong> (sobrese\u00efment lliure) en considerar que no hi ha cap indici de delicte per part dels representants anticapitalistes.<\/p>\n<p data-path-to-node=\"6\">El judici r\u00e0pid, que s&#8217;havia de celebrar avui als jutjats de Manresa, s&#8217;ha acabat suspenent de manera abrupta at\u00e8s que l&#8217;agent de la Policia Local que va interposar la den\u00fancia per agressi\u00f3 no s&#8217;hi ha presentat.<\/p>\n<p data-path-to-node=\"8\">Tot i la incompareixen\u00e7a del denunciant, la jutgessa ha donat la paraula a les parts. Ha estat en aquest moment quan la fiscal ha pres la iniciativa i ha sol\u00b7licitat l&#8217;arxivament de la causa. El ministeri fiscal ha argumentat que, despr\u00e9s de visionar detingudament les imatges enregistrades durant els fets, <b data-path-to-node=\"8\" data-index-in-node=\"308\">no s&#8217;aprecia cap agressi\u00f3 a l&#8217;agent ni cap conducta delictiva<\/b> per part de Vila ni de L\u00f3pez.<\/p>\n<p data-path-to-node=\"9\">L&#8217;advocat de la defensa, <b data-path-to-node=\"9\" data-index-in-node=\"25\">Benet Salellas<\/b>, ha qualificat la decisi\u00f3 d&#8217;una &#8220;vict\u00f2ria jur\u00eddica&#8221;, ja que la Fiscalia ha assumit plenament els arguments que ells anaven a exposar. Ara, nom\u00e9s resta que la jutgessa dicti la resoluci\u00f3 formal de sobrese\u00efment per tancar el cas per la via penal. La fiscalia, per\u00f2, ha deixat la porta oberta a qu\u00e8 l&#8217;autoritat competent valori si cal aplicar alguna sanci\u00f3 per la via administrativa, tot i no concretar-ne cap.<\/p>\n<h3 data-path-to-node=\"10\"><strong>S&#8217;accelera l&#8217;arxivament per a Rub\u00e8n L\u00f3pez<\/strong><\/h3>\n<p data-path-to-node=\"11\">Tot i que la den\u00fancia contra l&#8217;actual regidor cupaire, Rub\u00e8n L\u00f3pez, es trobava encara en una fase anterior del procediment, la decisi\u00f3 d&#8217;avui tamb\u00e9 ha servit per accelerar-ne l&#8217;arxiu.<\/p>\n<p data-path-to-node=\"12\">L\u00f3pez ha celebrat el posicionament de la Fiscalia com &#8220;una vict\u00f2ria&#8221; per al moviment popular de Santpedor. En declaracions als mitjans a la sortida dels jutjats \u2013on s&#8217;havien concentrat desenes de persones en suport als encausats\u2013, el regidor ha reiterat que la resoluci\u00f3 confirma la seva versi\u00f3: &#8220;Durant aquell episodi es van <b data-path-to-node=\"12\" data-index-in-node=\"326\">vulnerar drets de la ciutadania<\/b> que volia accedir al ple municipal, que \u00e9s un acte democr\u00e0tic del poble&#8221;. Ambd\u00f3s pol\u00edtics han tornat a denunciar la &#8220;desproporci\u00f3&#8221; i la viol\u00e8ncia del dispositiu policial d&#8217;aquell vespre.<\/p>\n<h3 data-path-to-node=\"13\"><strong>Un arxivament l&#8217;endem\u00e0 de les peticions de dimissi\u00f3<\/strong><\/h3>\n<p data-path-to-node=\"14\">Els fets jutjats es remunten al pol\u00e8mic ple del 10 de febrer a la Capella de Sant Andreu. La sessi\u00f3 va estar marcada per una forta tensi\u00f3 al carrer i un ampli cord\u00f3 policial, ja que s&#8217;havia de formalitzar l&#8217;entrada al consistori de <b data-path-to-node=\"14\" data-index-in-node=\"232\">Jordi Soteras<\/b>, militant d&#8217;Alian\u00e7a Catalana, com a regidor no adscrit (despr\u00e9s de la ren\u00fancia de set membres de la llista de Sumem per Santpedor-Junts).<\/p>\n<p data-path-to-node=\"15\">En el marc d&#8217;aquelles protestes i de l&#8217;intent d&#8217;alguns ve\u00efns d&#8217;accedir al sal\u00f3 de plens, Aniol Vila va ser retingut i detingut temporalment per la policia per presumpta resist\u00e8ncia greu, fet que ara la Fiscalia desmenteix.<\/p>\n<blockquote class=\"twitter-tweet\" data-media-max-width=\"560\">\n<p dir=\"ltr\" lang=\"ca\">Surt de la comissaria de Manresa l&#8217;exregidor de la CUP de Santpedor Aniol Vila, despr\u00e9s de la tensi\u00f3 viscuda al poble en la presa de possessi\u00f3 d&#8217;un militant d&#8217;Alian\u00e7a Catalana.<\/p>\n<p>Est\u00e0 acusat de desobedi\u00e8ncia greu a l&#8217;autoritat <a href=\"https:\/\/t.co\/pbbZ40yfQH\">https:\/\/t.co\/pbbZ40yfQH<\/a> <a href=\"https:\/\/t.co\/0AaiGTU1oP\">pic.twitter.com\/0AaiGTU1oP<\/a><\/p>\n<p>\u2014 3CatInfo (@3CatInfo) <a href=\"https:\/\/twitter.com\/3CatInfo\/status\/2021350705382973938?ref_src=twsrc%5Etfw\">February 10, 2026<\/a><\/p><\/blockquote>\n<p><script async src=\"https:\/\/platform.twitter.com\/widgets.js\" charset=\"utf-8\"><\/script><\/p>\n<p data-path-to-node=\"16\">Paradoxalment, aquesta decisi\u00f3 de l&#8217;estament judicial arriba <b data-path-to-node=\"16\" data-index-in-node=\"61\">nom\u00e9s 24 hores despr\u00e9s<\/b> que el mateix regidor Jordi Soteras, juntament amb els portaveus de SEAM i Sumem per Santpedor-Junts, <a href=\"https:\/\/santpedor.net\/radio\/el-ple-de-marc-aprova-la-mocio-antifeixista-i-rebutja-la-reprovacio-exigida-per-soteras-en-un-clima-de-forta-tensio\/\">reclamessin p\u00fablicament la dimissi\u00f3 de Rub\u00e8n L\u00f3pez per l&#8217;actitud mostrada durant aquell mateix ple<\/a> que avui la just\u00edcia ha avalat com a no delictiva.<\/p>\n<p>&nbsp;<\/p>\n<\/div>\n","protected":false},"excerpt":{"rendered":"<p>El ministeri fiscal conclou, despr\u00e9s de visionar els v\u00eddeos, que no hi va haver cap agressi\u00f3 durant el tens ple del 10 de febrer. El judici previst avui als jutjats de Manresa s&#8217;ha susp\u00e8s per l&#8217;abs\u00e8ncia de l&#8217;agent de la policia local denunciant<\/p>\n","protected":false},"author":675,"featured_media":15569,"comment_status":"open","ping_status":"closed","sticky":false,"template":"","format":"standard","meta":{"footnotes":""},"categories":[136],"tags":[],"class_list":{"0":"post-15568","1":"post","2":"type-post","3":"status-publish","4":"format-standard","5":"has-post-thumbnail","7":"category-politica-i-economia"},"_links":{"self":[{"href":"https:\/\/santpedor.net\/radio\/wp-json\/wp\/v2\/posts\/15568","targetHints":{"allow":["GET"]}}],"collection":[{"href":"https:\/\/santpedor.net\/radio\/wp-json\/wp\/v2\/posts"}],"about":[{"href":"https:\/\/santpedor.net\/radio\/wp-json\/wp\/v2\/types\/post"}],"author":[{"embeddable":true,"href":"https:\/\/santpedor.net\/radio\/wp-json\/wp\/v2\/users\/675"}],"replies":[{"embeddable":true,"href":"https:\/\/santpedor.net\/radio\/wp-json\/wp\/v2\/comments?post=15568"}],"version-history":[{"count":0,"href":"https:\/\/santpedor.net\/radio\/wp-json\/wp\/v2\/posts\/15568\/revisions"}],"wp:featuredmedia":[{"embeddable":true,"href":"https:\/\/santpedor.net\/radio\/wp-json\/wp\/v2\/media\/15569"}],"wp:attachment":[{"href":"https:\/\/santpedor.net\/radio\/wp-json\/wp\/v2\/media?parent=15568"}],"wp:term":[{"taxonomy":"category","embeddable":true,"href":"https:\/\/santpedor.net\/radio\/wp-json\/wp\/v2\/categories?post=15568"},{"taxonomy":"post_tag","embeddable":true,"href":"https:\/\/santpedor.net\/radio\/wp-json\/wp\/v2\/tags?post=15568"}],"curies":[{"name":"wp","href":"https:\/\/api.w.org\/{rel}","templated":true}]}}