{"id":15573,"date":"2026-03-13T12:50:03","date_gmt":"2026-03-13T11:50:03","guid":{"rendered":"https:\/\/santpedor.net\/radio\/?p=15573"},"modified":"2026-03-13T11:16:38","modified_gmt":"2026-03-13T10:16:38","slug":"entrevista-a-noelia-pastor-directora-tecnica-de-la-transequia","status":"publish","type":"post","link":"https:\/\/santpedor.net\/radio\/entrevista-a-noelia-pastor-directora-tecnica-de-la-transequia\/","title":{"rendered":"Entrevista a Noelia Pastor, directora t\u00e8cnica de la Trans\u00e9quia"},"content":{"rendered":"<p><iframe loading=\"lazy\" src=\"https:\/\/www.ivoox.com\/player_ej_170043597_6_1.html?c1=6b6b6b\" width=\"100%\" height=\"200\" frameborder=\"0\" scrolling=\"no\" allowfullscreen=\"allowfullscreen\"><\/iframe><\/p>\n<div class=\"[--thread-content-max-width:40rem] @w-lg\/main:[--thread-content-max-width:48rem] mx-auto max-w-(--thread-content-max-width) flex-1 group\/turn-messages focus-visible:outline-hidden relative flex w-full min-w-0 flex-col agent-turn\" tabindex=\"-1\">\n<div class=\"flex max-w-full flex-col gap-4 grow\">\n<div class=\"min-h-8 text-message relative flex w-full flex-col items-end gap-2 text-start break-words whitespace-normal [.text-message+&amp;]:mt-1\" dir=\"auto\" data-message-author-role=\"assistant\" data-message-id=\"80724f47-2aab-40dd-9fda-fd41241caaba\" data-message-model-slug=\"gpt-5-mini\">\n<div class=\"flex w-full flex-col gap-1 empty:hidden\">\n<div class=\"markdown prose dark:prose-invert w-full wrap-break-word dark markdown-new-styling\">\n<p data-start=\"0\" data-end=\"513\" data-is-last-node=\"\" data-is-only-node=\"\">Noelia Pastor, directora t\u00e8cnica de la Trans\u00e9quia, explica qu\u00e8 implica que Santpedor hagi estat escollit com a poble amfitri\u00f3 de l\u2019edici\u00f3 d\u2019enguany. Durant l\u2019entrevista, Pastor detalla l\u2019organitzaci\u00f3 de l\u2019esdeveniment, la participaci\u00f3 dels equips i la import\u00e0ncia de la localitat per a la consolidaci\u00f3 d\u2019aquesta activitat esportiva arrelada al territori. Tamb\u00e9 comparteix les novetats previstes i com aquesta distinci\u00f3 beneficia tant a participants com al municipi.<\/p>\n<\/div>\n<\/div>\n<\/div>\n<\/div>\n<\/div>\n","protected":false},"excerpt":{"rendered":"<p>Noelia Pastor, directora t\u00e8cnica de la Trans\u00e9quia, explica qu\u00e8 implica que Santpedor hagi estat escollit com a poble amfitri\u00f3 de l\u2019edici\u00f3 d\u2019enguany. Durant l\u2019entrevista, Pastor detalla l\u2019organitzaci\u00f3 de l\u2019esdeveniment, la participaci\u00f3 dels equips i la import\u00e0ncia de la localitat per a la consolidaci\u00f3 d\u2019aquesta activitat esportiva arrelada al territori. Tamb\u00e9 comparteix les novetats previstes i [&hellip;]<\/p>\n","protected":false},"author":1,"featured_media":15574,"comment_status":"open","ping_status":"closed","sticky":false,"template":"","format":"standard","meta":{"footnotes":""},"categories":[1226],"tags":[],"class_list":{"0":"post-15573","1":"post","2":"type-post","3":"status-publish","4":"format-standard","5":"has-post-thumbnail","7":"category-entrevista"},"_links":{"self":[{"href":"https:\/\/santpedor.net\/radio\/wp-json\/wp\/v2\/posts\/15573","targetHints":{"allow":["GET"]}}],"collection":[{"href":"https:\/\/santpedor.net\/radio\/wp-json\/wp\/v2\/posts"}],"about":[{"href":"https:\/\/santpedor.net\/radio\/wp-json\/wp\/v2\/types\/post"}],"author":[{"embeddable":true,"href":"https:\/\/santpedor.net\/radio\/wp-json\/wp\/v2\/users\/1"}],"replies":[{"embeddable":true,"href":"https:\/\/santpedor.net\/radio\/wp-json\/wp\/v2\/comments?post=15573"}],"version-history":[{"count":0,"href":"https:\/\/santpedor.net\/radio\/wp-json\/wp\/v2\/posts\/15573\/revisions"}],"wp:featuredmedia":[{"embeddable":true,"href":"https:\/\/santpedor.net\/radio\/wp-json\/wp\/v2\/media\/15574"}],"wp:attachment":[{"href":"https:\/\/santpedor.net\/radio\/wp-json\/wp\/v2\/media?parent=15573"}],"wp:term":[{"taxonomy":"category","embeddable":true,"href":"https:\/\/santpedor.net\/radio\/wp-json\/wp\/v2\/categories?post=15573"},{"taxonomy":"post_tag","embeddable":true,"href":"https:\/\/santpedor.net\/radio\/wp-json\/wp\/v2\/tags?post=15573"}],"curies":[{"name":"wp","href":"https:\/\/api.w.org\/{rel}","templated":true}]}}