{"id":15616,"date":"2026-04-17T14:00:25","date_gmt":"2026-04-17T12:00:25","guid":{"rendered":"https:\/\/santpedor.net\/radio\/?p=15616"},"modified":"2026-04-17T20:58:06","modified_gmt":"2026-04-17T18:58:06","slug":"linformatiu-17-04-2026","status":"publish","type":"post","link":"https:\/\/santpedor.net\/radio\/linformatiu-17-04-2026\/","title":{"rendered":"L&#8217;informatiu &#8211; 17\/04\/2026"},"content":{"rendered":"<p><iframe loading=\"lazy\" src=\"https:\/\/www.ivoox.com\/player_ej_172054235_6_1.html?c1=6b6b6b\" width=\"100%\" height=\"200\" frameborder=\"0\" scrolling=\"no\" allowfullscreen=\"allowfullscreen\"><\/iframe><\/p>\n<p>L\u2019informatiu de R\u00e0dio Santpedor d\u2019aquest divendres 17 d\u2019abril repassa l\u2019actualitat municipal, amb especial atenci\u00f3 al ple d\u2019abril, marcat per una derrota econ\u00f2mica del govern i forts enfrontaments pol\u00edtics sobre q\u00fcestions com la igualtat i l\u2019educaci\u00f3. El programa tamb\u00e9 destaca l\u2019obertura de convocat\u00f2ries per accedir a habitatges municipals a preus assequibles i per a subvencions destinades a entitats locals, claus per al teixit associatiu del municipi.<\/p>\n<p>A m\u00e9s, l\u2019edici\u00f3 posa el focus en la vida social i cultural de Santpedor, amb els preparatius de la diada de Sant Jordi, la participaci\u00f3 en el Dia Mundial de l\u2019Activitat F\u00edsica i una agenda plena d\u2019activitats. L\u2019espai es completa amb una entrevista sobre la Fira de Cultura Popular, aix\u00ed com la previsi\u00f3 del temps per al cap de setmana.<\/p>\n","protected":false},"excerpt":{"rendered":"<p>L\u2019informatiu de R\u00e0dio Santpedor d\u2019aquest divendres 17 d\u2019abril repassa l\u2019actualitat municipal, amb especial atenci\u00f3 al ple d\u2019abril, marcat per una derrota econ\u00f2mica del govern i forts enfrontaments pol\u00edtics sobre q\u00fcestions com la igualtat i l\u2019educaci\u00f3. El programa tamb\u00e9 destaca l\u2019obertura de convocat\u00f2ries per accedir a habitatges municipals a preus assequibles i per a subvencions destinades [&hellip;]<\/p>\n","protected":false},"author":675,"featured_media":15462,"comment_status":"open","ping_status":"closed","sticky":false,"template":"","format":"standard","meta":{"footnotes":""},"categories":[1237],"tags":[],"class_list":{"0":"post-15616","1":"post","2":"type-post","3":"status-publish","4":"format-standard","5":"has-post-thumbnail","7":"category-informatiu"},"_links":{"self":[{"href":"https:\/\/santpedor.net\/radio\/wp-json\/wp\/v2\/posts\/15616","targetHints":{"allow":["GET"]}}],"collection":[{"href":"https:\/\/santpedor.net\/radio\/wp-json\/wp\/v2\/posts"}],"about":[{"href":"https:\/\/santpedor.net\/radio\/wp-json\/wp\/v2\/types\/post"}],"author":[{"embeddable":true,"href":"https:\/\/santpedor.net\/radio\/wp-json\/wp\/v2\/users\/675"}],"replies":[{"embeddable":true,"href":"https:\/\/santpedor.net\/radio\/wp-json\/wp\/v2\/comments?post=15616"}],"version-history":[{"count":0,"href":"https:\/\/santpedor.net\/radio\/wp-json\/wp\/v2\/posts\/15616\/revisions"}],"wp:featuredmedia":[{"embeddable":true,"href":"https:\/\/santpedor.net\/radio\/wp-json\/wp\/v2\/media\/15462"}],"wp:attachment":[{"href":"https:\/\/santpedor.net\/radio\/wp-json\/wp\/v2\/media?parent=15616"}],"wp:term":[{"taxonomy":"category","embeddable":true,"href":"https:\/\/santpedor.net\/radio\/wp-json\/wp\/v2\/categories?post=15616"},{"taxonomy":"post_tag","embeddable":true,"href":"https:\/\/santpedor.net\/radio\/wp-json\/wp\/v2\/tags?post=15616"}],"curies":[{"name":"wp","href":"https:\/\/api.w.org\/{rel}","templated":true}]}}