{"id":15632,"date":"2026-04-24T18:06:00","date_gmt":"2026-04-24T16:06:00","guid":{"rendered":"https:\/\/santpedor.net\/radio\/?p=15632"},"modified":"2026-04-24T18:06:00","modified_gmt":"2026-04-24T16:06:00","slug":"entrevista-a-marc-martinez-amat-i-mireia-arenos-membres-de-lassociacio-de-veins-del-nucli-antic-24-04-2026","status":"publish","type":"post","link":"https:\/\/santpedor.net\/radio\/entrevista-a-marc-martinez-amat-i-mireia-arenos-membres-de-lassociacio-de-veins-del-nucli-antic-24-04-2026\/","title":{"rendered":"Entrevista a Marc Mart\u00ednez Amat i Mireia Aren\u00f3s, membres de l&#8217;Associaci\u00f3 de Ve\u00efns del Nucli Antic &#8211; 24\/04\/2026"},"content":{"rendered":"<p>A &#8216;La Conversa Informativa&#8217; parlem amb Mireia Aren\u00f3s i Marc Mart\u00ednez Amat sobre el nou impuls de l\u2019Associaci\u00f3 de Ve\u00efns del Nucli Antic de Santpedor. Durant l&#8217;entrevista, han exposat les prioritats de l&#8217;entitat: la regeneraci\u00f3 urbana, la pacificaci\u00f3 del tr\u00e0nsit i la recuperaci\u00f3 de la vida social als carrers del centre hist\u00f2ric.<\/p>\n","protected":false},"excerpt":{"rendered":"<p>A &#8216;La Conversa Informativa&#8217; parlem amb Mireia Aren\u00f3s i Marc Mart\u00ednez Amat sobre el nou impuls de l\u2019Associaci\u00f3 de Ve\u00efns del Nucli Antic de Santpedor. Durant l&#8217;entrevista, han exposat les prioritats de l&#8217;entitat: la regeneraci\u00f3 urbana, la pacificaci\u00f3 del tr\u00e0nsit i la recuperaci\u00f3 de la vida social als carrers del centre hist\u00f2ric.<\/p>\n","protected":false},"author":1,"featured_media":15633,"comment_status":"open","ping_status":"closed","sticky":false,"template":"","format":"standard","meta":{"footnotes":""},"categories":[1226],"tags":[],"class_list":{"0":"post-15632","1":"post","2":"type-post","3":"status-publish","4":"format-standard","5":"has-post-thumbnail","7":"category-entrevista"},"_links":{"self":[{"href":"https:\/\/santpedor.net\/radio\/wp-json\/wp\/v2\/posts\/15632","targetHints":{"allow":["GET"]}}],"collection":[{"href":"https:\/\/santpedor.net\/radio\/wp-json\/wp\/v2\/posts"}],"about":[{"href":"https:\/\/santpedor.net\/radio\/wp-json\/wp\/v2\/types\/post"}],"author":[{"embeddable":true,"href":"https:\/\/santpedor.net\/radio\/wp-json\/wp\/v2\/users\/1"}],"replies":[{"embeddable":true,"href":"https:\/\/santpedor.net\/radio\/wp-json\/wp\/v2\/comments?post=15632"}],"version-history":[{"count":0,"href":"https:\/\/santpedor.net\/radio\/wp-json\/wp\/v2\/posts\/15632\/revisions"}],"wp:featuredmedia":[{"embeddable":true,"href":"https:\/\/santpedor.net\/radio\/wp-json\/wp\/v2\/media\/15633"}],"wp:attachment":[{"href":"https:\/\/santpedor.net\/radio\/wp-json\/wp\/v2\/media?parent=15632"}],"wp:term":[{"taxonomy":"category","embeddable":true,"href":"https:\/\/santpedor.net\/radio\/wp-json\/wp\/v2\/categories?post=15632"},{"taxonomy":"post_tag","embeddable":true,"href":"https:\/\/santpedor.net\/radio\/wp-json\/wp\/v2\/tags?post=15632"}],"curies":[{"name":"wp","href":"https:\/\/api.w.org\/{rel}","templated":true}]}}