{"id":15634,"date":"2026-04-26T13:31:28","date_gmt":"2026-04-26T11:31:28","guid":{"rendered":"https:\/\/santpedor.net\/radio\/?p=15634"},"modified":"2026-04-26T13:31:28","modified_gmt":"2026-04-26T11:31:28","slug":"el-gronxador-abril-2026","status":"publish","type":"post","link":"https:\/\/santpedor.net\/radio\/el-gronxador-abril-2026\/","title":{"rendered":"El Gronxador &#8211; abril 2026"},"content":{"rendered":"<p><iframe src=\"https:\/\/www.ivoox.com\/player_ej_172576898_6_1.html?c1=57332e\" width=\"100%\" height=\"200\" frameborder=\"0\" allowfullscreen=\"\" scrolling=\"no\" loading=\"lazy\"><\/iframe><\/p>\n<p>L&#8217;espai s&#8217;obre amb l&#8217;energia de l&#8217;Escola Riu d\u2019Or, que ens apropa el seu Certamen Literari a trav\u00e9s d&#8217;endevinalles primaverals i una incursi\u00f3 en la m\u00fasica actual amb p\u00f2dcasts dedicats a The Tyets i Figa Flawas.<\/p>\n<p>La celebraci\u00f3 de Sant Jordi tamb\u00e9 hi \u00e9s present gr\u00e0cies a la visita dels alumnes de quart de l\u2019Escola Llissach, que han passat pels estudis de R\u00e0dio Santpedor per enregistrar una cr\u00f2nica especial sobre la diada.<\/p>\n<p>Per la seva banda, els estudiants d\u2019ESO de l\u2019Escola Jeroni de Moragas prenen la paraula convertits en reporters, oferint una mirada directa a la vida escolar mitjan\u00e7ant una s\u00e8rie d\u2019entrevistes pr\u00f2pies.<\/p>\n<p>El punt final el posa l\u2019Escola de M\u00fasica amb una proposta que combina el classicisme d\u2019un duet de flautes de Mozart, interpretat per Paula Vacas i Susanna Ja\u00e9n, amb la calidesa col\u00b7lectiva d\u2019una recomanaci\u00f3 del rock catal\u00e0 m\u00e9s emblem\u00e0tic: el &#8220;Boig per tu&#8221;.<\/p>\n","protected":false},"excerpt":{"rendered":"<p>L&#8217;espai s&#8217;obre amb l&#8217;energia de l&#8217;Escola Riu d\u2019Or, que ens apropa el seu Certamen Literari a trav\u00e9s d&#8217;endevinalles primaverals i una incursi\u00f3 en la m\u00fasica actual amb p\u00f2dcasts dedicats a The Tyets i Figa Flawas. La celebraci\u00f3 de Sant Jordi tamb\u00e9 hi \u00e9s present gr\u00e0cies a la visita dels alumnes de quart de l\u2019Escola Llissach, [&hellip;]<\/p>\n","protected":false},"author":1,"featured_media":15084,"comment_status":"open","ping_status":"closed","sticky":false,"template":"","format":"standard","meta":{"footnotes":""},"categories":[616],"tags":[],"class_list":{"0":"post-15634","1":"post","2":"type-post","3":"status-publish","4":"format-standard","5":"has-post-thumbnail","7":"category-el-gronxador"},"_links":{"self":[{"href":"https:\/\/santpedor.net\/radio\/wp-json\/wp\/v2\/posts\/15634","targetHints":{"allow":["GET"]}}],"collection":[{"href":"https:\/\/santpedor.net\/radio\/wp-json\/wp\/v2\/posts"}],"about":[{"href":"https:\/\/santpedor.net\/radio\/wp-json\/wp\/v2\/types\/post"}],"author":[{"embeddable":true,"href":"https:\/\/santpedor.net\/radio\/wp-json\/wp\/v2\/users\/1"}],"replies":[{"embeddable":true,"href":"https:\/\/santpedor.net\/radio\/wp-json\/wp\/v2\/comments?post=15634"}],"version-history":[{"count":0,"href":"https:\/\/santpedor.net\/radio\/wp-json\/wp\/v2\/posts\/15634\/revisions"}],"wp:featuredmedia":[{"embeddable":true,"href":"https:\/\/santpedor.net\/radio\/wp-json\/wp\/v2\/media\/15084"}],"wp:attachment":[{"href":"https:\/\/santpedor.net\/radio\/wp-json\/wp\/v2\/media?parent=15634"}],"wp:term":[{"taxonomy":"category","embeddable":true,"href":"https:\/\/santpedor.net\/radio\/wp-json\/wp\/v2\/categories?post=15634"},{"taxonomy":"post_tag","embeddable":true,"href":"https:\/\/santpedor.net\/radio\/wp-json\/wp\/v2\/tags?post=15634"}],"curies":[{"name":"wp","href":"https:\/\/api.w.org\/{rel}","templated":true}]}}