{"id":15635,"date":"2026-04-29T20:14:11","date_gmt":"2026-04-29T18:14:11","guid":{"rendered":"https:\/\/santpedor.net\/radio\/?p=15635"},"modified":"2026-05-01T20:20:53","modified_gmt":"2026-05-01T18:20:53","slug":"tot-a-punt-per-celebrar-el-santpedor-en-flor-aquest-cap-de-setmana","status":"publish","type":"post","link":"https:\/\/santpedor.net\/radio\/tot-a-punt-per-celebrar-el-santpedor-en-flor-aquest-cap-de-setmana\/","title":{"rendered":"Tot a punt per celebrar el Santpedor en Flor aquest cap de setmana"},"content":{"rendered":"<p data-path-to-node=\"4\">Entitats, associacions, centres educatius i ve\u00efns a t\u00edtol individual han treballat de valent les darreres setmanes per tenir-ho tot a punt per a una nova edici\u00f3 del <b data-path-to-node=\"4\" data-index-in-node=\"177\">Santpedor en Flor<\/b>, que se celebra aquest cap de setmana, 1, 2 i 3 de maig. El municipi bagenc es prepara per viure tres dies on la creativitat, les flors i la cultura seran els grans protagonistes.<\/p>\n<h3 data-path-to-node=\"5\"><strong>Escenes artesanes i un &#8220;objecte intr\u00fas&#8221;<\/strong><\/h3>\n<p data-path-to-node=\"6\">El plat fort de la celebraci\u00f3 d&#8217;enguany seran les <b data-path-to-node=\"6\" data-index-in-node=\"50\">dotze escenes<\/b> repartides pels carrers del nucli antic i davant de les escoles. Aquestes composicions, que es podran visitar durant tot el dissabte i diumenge, giraran al voltant de la tem\u00e0tica dels <b data-path-to-node=\"6\" data-index-in-node=\"248\">oficis artesans<\/b>. Els visitants podran passejar entre representacions d&#8217;herbolaris, trementinaires i cistellers, entre altres. Com a reclam l\u00fadic, en cadascun d&#8217;aquests espais s&#8217;hi amagar\u00e0 un &#8220;objecte intr\u00fas&#8221; que el p\u00fablic haur\u00e0 de descobrir. A m\u00e9s, durant tot el cap de setmana, la pla\u00e7a de l&#8217;Esgl\u00e9sia acollir\u00e0 un <b data-path-to-node=\"6\" data-index-in-node=\"562\">mercat d&#8217;artistes locals<\/b>.<\/p>\n<h3 data-path-to-node=\"7\"><strong>Participaci\u00f3 ciutadana<\/strong><\/h3>\n<p data-path-to-node=\"8\">L\u2019alcalde del municipi, <b data-path-to-node=\"8\" data-index-in-node=\"24\">Agust\u00ed Comas<\/b>, ha destacat la il\u00b7lusi\u00f3 col\u00b7lectiva que genera la festa: <i data-path-to-node=\"8\" data-index-in-node=\"101\">\u201cEl Santpedor en Flor \u00e9s una cita molt esperada on llueix la creativitat i el treball en equip dels santpedorencs i santpedorenques\u201d<\/i>.<\/p>\n<p data-path-to-node=\"9\">Per la seva banda, el regidor de Fires, <b data-path-to-node=\"9\" data-index-in-node=\"40\">Jordi Hern\u00e0ndez Sanz<\/b>, ha posat en valor el creixement de l&#8217;esdeveniment: <i data-path-to-node=\"9\" data-index-in-node=\"113\">\u201cCada any se sumen m\u00e9s entitats i associacions a participar de la celebraci\u00f3. A m\u00e9s, comptem amb el concurs de balcons florits i la decoraci\u00f3 floral als aparadors dels comer\u00e7os, elements que fan que la festa llueixi encara m\u00e9s\u201d<\/i>.<\/p>\n<h3 data-path-to-node=\"7\"><strong>Agenda d&#8217;activitats<\/strong><\/h3>\n<p data-path-to-node=\"12\">La programaci\u00f3 del Santpedor en Flor va molt m\u00e9s enll\u00e0 de l&#8217;exhibici\u00f3 floral i ofereix activitats per a tots els p\u00fablics:<\/p>\n<p data-path-to-node=\"13\"><b data-path-to-node=\"13\" data-index-in-node=\"0\">Divendres, 1 de maig<\/b><\/p>\n<ul data-path-to-node=\"14\">\n<li>\n<p data-path-to-node=\"14,0,0\"><b data-path-to-node=\"14,0,0\" data-index-in-node=\"0\">Concert Tribut a Dire Straits:<\/b> Abans d&#8217;endinsar-se en el cap de setmana floral, Cal Llovet acollir\u00e0 l&#8217;espectacle de <i data-path-to-node=\"14,0,0\" data-index-in-node=\"116\">Sultans of swing<\/i>. Les entrades estan disponibles a voila.cat.<\/p>\n<\/li>\n<\/ul>\n<p data-path-to-node=\"15\"><b data-path-to-node=\"15\" data-index-in-node=\"0\">Dissabte, 2 de maig<\/b><\/p>\n<ul data-path-to-node=\"16\">\n<li>\n<p data-path-to-node=\"16,0,0\"><b data-path-to-node=\"16,0,0\" data-index-in-node=\"0\">10:00 h &#8211; 14:00 h:<\/b> <b data-path-to-node=\"16,0,0\" data-index-in-node=\"19\">Taller de cianot\u00edpia floral<\/b> a la pla\u00e7a Gran U d\u2019Octubre, emmarcat en el Mercat de Proximitat i de la Rampoina. Els assistents podran aprendre aquesta antiga t\u00e8cnica fotogr\u00e0fica anal\u00f2gica que crea imatges d&#8217;un blau intens utilitzant flors, fulles i llum solar. La matinal estar\u00e0 amenitzada pel <b data-path-to-node=\"16,0,0\" data-index-in-node=\"312\">concert del grup \u201cTres en punt\u201d<\/b>.<\/p>\n<\/li>\n<li>\n<p data-path-to-node=\"16,1,0\"><b data-path-to-node=\"16,1,0\" data-index-in-node=\"0\">11:00 h:<\/b> Espectacle de clown familiar <b data-path-to-node=\"16,1,0\" data-index-in-node=\"38\"><i data-path-to-node=\"16,1,0\" data-index-in-node=\"38\">Xisblufa<\/i><\/b>, a c\u00e0rrec de la companyia Fadunito, a l\u2019aparcament de Cal Llovet.<\/p>\n<\/li>\n<li>\n<p data-path-to-node=\"16,2,0\"><b data-path-to-node=\"16,2,0\" data-index-in-node=\"0\">18:00 h:<\/b> Exhibici\u00f3 <b data-path-to-node=\"16,2,0\" data-index-in-node=\"19\">DANSAFLOR\u201926<\/b>, protagonitzada per l\u2019alumnat de l\u2019Escola de Dansa de Castellnou, a Cal Llovet.<\/p>\n<\/li>\n<li>\n<p data-path-to-node=\"16,3,0\"><b data-path-to-node=\"16,3,0\" data-index-in-node=\"0\">19:00 h:<\/b> <b data-path-to-node=\"16,3,0\" data-index-in-node=\"9\">Tabalfest<\/b>. La cercavila de batucades donar\u00e0 el tret de sortida des de la pla\u00e7a Gran U d\u2019Octubre per fer vibrar els carrers.<\/p>\n<\/li>\n<\/ul>\n<p data-path-to-node=\"17\"><b data-path-to-node=\"17\" data-index-in-node=\"0\">Diumenge, 3 de maig<\/b><\/p>\n<ul data-path-to-node=\"18\">\n<li>\n<p data-path-to-node=\"18,0,0\"><b data-path-to-node=\"18,0,0\" data-index-in-node=\"0\">10:00 h:<\/b> <b data-path-to-node=\"18,0,0\" data-index-in-node=\"9\">Visita teatralitzada a la Vila Medieval<\/b> de la m\u00e0 de personatges hist\u00f2rics com Francesc de Perell\u00f3s, Constan\u00e7a de Pr\u00f2ixida i Berenguer \u00e7a Vila. <i data-path-to-node=\"18,0,0\" data-index-in-node=\"152\">Cal inscripci\u00f3 pr\u00e8via mitjan\u00e7ant del <a class=\"ng-star-inserted\" href=\"https:\/\/www.santpedor.cat\/participacio\/inscripcions\/visita-teatralitzada-medieval-santpedor-en-flor.html\" target=\"_blank\" rel=\"noopener\" data-hveid=\"0\" data-ved=\"0CAAQ_4QMahcKEwjAqcjo2JiUAxUAAAAAHQAAAAAQHA\">web de l&#8217;Ajuntament<\/a>.<\/i><\/p>\n<\/li>\n<li>\n<p data-path-to-node=\"18,1,0\"><b data-path-to-node=\"18,1,0\" data-index-in-node=\"0\">12:00 h:<\/b> <b data-path-to-node=\"18,1,0\" data-index-in-node=\"9\">Cercavila d\u2019entitats de cultura popular<\/b> pels carrers del nucli antic, amb la participaci\u00f3 de l\u2019Associaci\u00f3 de Cultura Popular d\u2019Escoles de Santpedor, la colla de Geganters i Grallers de Santpedor, i Batukd\u2019or.<\/p>\n<\/li>\n<li>\n<p data-path-to-node=\"18,2,0\"><b data-path-to-node=\"18,2,0\" data-index-in-node=\"0\">13:00 h:<\/b> <b data-path-to-node=\"18,2,0\" data-index-in-node=\"9\">Cantada de la coral de la Llar d\u2019Avis<\/b> a la Capella Sant Andreu.<\/p>\n<\/li>\n<li>\n<p data-path-to-node=\"18,3,0\"><b data-path-to-node=\"18,3,0\" data-index-in-node=\"0\">18:00 h:<\/b> <b data-path-to-node=\"18,3,0\" data-index-in-node=\"9\">Concert de Gemma Humet<\/b> a l\u2019Auditori Convent de Sant Francesc. Aquest acte servir\u00e0 com a cloenda de luxe de la festa i tamb\u00e9 tancar\u00e0 l&#8217;actual programaci\u00f3 del Cicle Convent.<\/p>\n<\/li>\n<\/ul>\n","protected":false},"excerpt":{"rendered":"<p>Els carrers del nucli antic s&#8217;ompliran d&#8217;escenes dedicades als oficis artesans de l&#8217;1 al 3 de maig, en una edici\u00f3 que destaca per l&#8217;alta implicaci\u00f3 del teixit associatiu i una \u00e0mplia programaci\u00f3 cultural<\/p>\n","protected":false},"author":675,"featured_media":15636,"comment_status":"open","ping_status":"closed","sticky":false,"template":"","format":"standard","meta":{"footnotes":""},"categories":[137],"tags":[],"class_list":{"0":"post-15635","1":"post","2":"type-post","3":"status-publish","4":"format-standard","5":"has-post-thumbnail","7":"category-societat"},"_links":{"self":[{"href":"https:\/\/santpedor.net\/radio\/wp-json\/wp\/v2\/posts\/15635","targetHints":{"allow":["GET"]}}],"collection":[{"href":"https:\/\/santpedor.net\/radio\/wp-json\/wp\/v2\/posts"}],"about":[{"href":"https:\/\/santpedor.net\/radio\/wp-json\/wp\/v2\/types\/post"}],"author":[{"embeddable":true,"href":"https:\/\/santpedor.net\/radio\/wp-json\/wp\/v2\/users\/675"}],"replies":[{"embeddable":true,"href":"https:\/\/santpedor.net\/radio\/wp-json\/wp\/v2\/comments?post=15635"}],"version-history":[{"count":0,"href":"https:\/\/santpedor.net\/radio\/wp-json\/wp\/v2\/posts\/15635\/revisions"}],"wp:featuredmedia":[{"embeddable":true,"href":"https:\/\/santpedor.net\/radio\/wp-json\/wp\/v2\/media\/15636"}],"wp:attachment":[{"href":"https:\/\/santpedor.net\/radio\/wp-json\/wp\/v2\/media?parent=15635"}],"wp:term":[{"taxonomy":"category","embeddable":true,"href":"https:\/\/santpedor.net\/radio\/wp-json\/wp\/v2\/categories?post=15635"},{"taxonomy":"post_tag","embeddable":true,"href":"https:\/\/santpedor.net\/radio\/wp-json\/wp\/v2\/tags?post=15635"}],"curies":[{"name":"wp","href":"https:\/\/api.w.org\/{rel}","templated":true}]}}