{"id":1826,"date":"2014-10-26T17:01:00","date_gmt":"2014-10-26T15:01:00","guid":{"rendered":"http:\/\/santpedor.net\/wp\/?p=1826"},"modified":"2014-10-26T17:01:00","modified_gmt":"2014-10-26T15:01:00","slug":"santpedor-tindra-lies-dauro-com-a-unic-punt-de-votacio-pel-9-n","status":"publish","type":"post","link":"https:\/\/santpedor.net\/radio\/santpedor-tindra-lies-dauro-com-a-unic-punt-de-votacio-pel-9-n\/","title":{"rendered":"Santpedor tindr\u00e0 l\u2019IES d\u2019Auro com a \u00fanic punt de votaci\u00f3 pel 9-N"},"content":{"rendered":"<p><a href=\"http:\/\/santpedor.net\/radio\/wp-content\/uploads\/2014\/10\/9-n-2Bsantpedor.jpg\"><img decoding=\"async\" border=\"0\" src=\"http:\/\/santpedor.net\/radio\/wp-content\/uploads\/2014\/10\/9-n-2Bsantpedor-300x225.jpg\" \/><\/a>El 9-N cada cop \u00e9s m\u00e9s a prop i els ajuntaments van ficant fil a l\u2019agulla per tenir-ho tot preparat quan arribi la cita. A Santpedor ja sabem on podrem votar, ser\u00e0 a l\u2019institut IES d\u2019Auro i ser\u00e0 l\u2019\u00fanic punt de votaci\u00f3 que hi haur\u00e0 al poble. L\u2019alcaldessa Laura Vilagr\u00e0 ha explicat als informatius de R\u00e0dio Santpedor que per votar s&#8217;hauran de portar el DNI o el passaport per tal d&#8217;acreditar que vivim a Santpedor. Si a la documentaci\u00f3 hi figura la direcci\u00f3 d&#8217;algun altre municipi haurem de votar en el municipi corresponent.  Vilagr\u00e0 tamb\u00e9 ha remarcat la principal difer\u00e8ncia amb els comicis m\u00e9s corrents com s\u00f3n les eleccions generals, auton\u00f2miques o municipals; i \u00e9s l\u2019abs\u00e8ncia de cens electoral. Per tant, a dia d&#8217;avui no es sap quants majors de 16 anys poden exercir el seu dret a vot a Santpedor pel 9-N. L\u2019horari de votaci\u00f3 s\u00ed que ser\u00e0 l\u2019habitual, de 9 del mat\u00ed a 8 de la tarda. Des de l\u2019ajuntament no saben el n\u00famero de voluntaris que s\u2019han ofert a Santpedor per\u00f2 s\u2019intueix pel boca-orella que n\u2019hi ha bastants. Recordem que en aquest cas ser\u00e0 el voluntariat qui s\u2019encarregui de garantir el funcionament de tota la jornada electoral.<\/p>\n","protected":false},"excerpt":{"rendered":"<p>El 9-N cada cop \u00e9s m\u00e9s a prop i els ajuntaments van ficant fil a l\u2019agulla per tenir-ho tot preparat quan arribi la cita. A Santpedor ja sabem on podrem votar, ser\u00e0 a l\u2019institut IES d\u2019Auro i ser\u00e0 l\u2019\u00fanic punt de votaci\u00f3 que hi haur\u00e0 al poble. L\u2019alcaldessa Laura Vilagr\u00e0 ha explicat als informatius de [&hellip;]<\/p>\n","protected":false},"author":1,"featured_media":2139,"comment_status":"closed","ping_status":"closed","sticky":false,"template":"","format":"standard","meta":{"footnotes":""},"categories":[3],"tags":[101,46],"class_list":{"0":"post-1826","1":"post","2":"type-post","3":"status-publish","4":"format-standard","5":"has-post-thumbnail","7":"category-noticies","8":"tag-9n","9":"tag-ies-dauro"},"_links":{"self":[{"href":"https:\/\/santpedor.net\/radio\/wp-json\/wp\/v2\/posts\/1826","targetHints":{"allow":["GET"]}}],"collection":[{"href":"https:\/\/santpedor.net\/radio\/wp-json\/wp\/v2\/posts"}],"about":[{"href":"https:\/\/santpedor.net\/radio\/wp-json\/wp\/v2\/types\/post"}],"author":[{"embeddable":true,"href":"https:\/\/santpedor.net\/radio\/wp-json\/wp\/v2\/users\/1"}],"replies":[{"embeddable":true,"href":"https:\/\/santpedor.net\/radio\/wp-json\/wp\/v2\/comments?post=1826"}],"version-history":[{"count":0,"href":"https:\/\/santpedor.net\/radio\/wp-json\/wp\/v2\/posts\/1826\/revisions"}],"wp:featuredmedia":[{"embeddable":true,"href":"https:\/\/santpedor.net\/radio\/wp-json\/wp\/v2\/media\/2139"}],"wp:attachment":[{"href":"https:\/\/santpedor.net\/radio\/wp-json\/wp\/v2\/media?parent=1826"}],"wp:term":[{"taxonomy":"category","embeddable":true,"href":"https:\/\/santpedor.net\/radio\/wp-json\/wp\/v2\/categories?post=1826"},{"taxonomy":"post_tag","embeddable":true,"href":"https:\/\/santpedor.net\/radio\/wp-json\/wp\/v2\/tags?post=1826"}],"curies":[{"name":"wp","href":"https:\/\/api.w.org\/{rel}","templated":true}]}}